{"id":65942,"date":"2025-05-01T03:24:08","date_gmt":"2025-05-01T03:24:08","guid":{"rendered":"https:\/\/www.europesays.com\/fr\/65942\/"},"modified":"2025-05-01T03:24:08","modified_gmt":"2025-05-01T03:24:08","slug":"selena-gomez-et-benny-blanco-bientot-maries-annulation-de-derniere-minute","status":"publish","type":"post","link":"https:\/\/www.europesays.com\/fr\/65942\/","title":{"rendered":"Selena Gomez et Benny Blanco bient\u00f4t mari\u00e9s : annulation de derni\u00e8re minute"},"content":{"rendered":"<p>      R\u00e9sum\u00e9<\/p>\n<p>Selena Gomez et Benny Blanco modifient une tradition du mariage en supprimant la premi\u00e8re danse, pr\u00e9voyant toutefois un autre moment dans\u00e9 sp\u00e9cial avec un proche.<\/p>\n<p>        Sommaire<\/p>\n<p>Il y a aura bel et bien un mariage. Mais un \u00e9l\u00e9ment important manquera \u00e0 l\u2019appel, et risque de chagriner les traditionalistes. En effet, <a href=\"https:\/\/www.public.fr\/tag\/selena-gomez\" target=\"_blank\" rel=\"noopener\">Selena Gomez<\/a> et <a href=\"https:\/\/www.public.fr\/selena-gomez-son-fiance-benny-blanco-assume-de-ne-pas-se-laver-tous-les-jours\" target=\"_blank\" rel=\"noopener\">Benny Blanco<\/a> ont annonc\u00e9 <strong>qu\u2019ils n\u2019allaient pas r\u00e9aliser de premi\u00e8re danse<\/strong> au cours de leur mariage pr\u00e9vu dans les prochains mois.\u00a0<\/p>\n<p>Toutefois, <a href=\"https:\/\/vsd.fr\/19591-selena-gomez-jeune-et-jolie\/\" target=\"_blank\" rel=\"noopener\">la chanteuse de 32 ans<\/a> pr\u00e9parerait <strong>une danse sp\u00e9ciale pour remplacer l\u2019ouverture de bal. <\/strong>Outre ces histoires de danse, le duo pr\u00e9pare ce grand jour depuis plusieurs mois \u00e0 pr\u00e9sent comme il l\u2019a fait savoir dans le magazine Rolling Stone le 17 janvier dernier.\u00a0<\/p>\n<p>Les pr\u00e9paratifs du mariage s&rsquo;intensifient<\/p>\n<p>Selon Benny Blanco, Selena Gomez aurait de nombreuses id\u00e9es par rapport \u00e0 l\u2019organisation de leur mariage. \u00ab\u00a0Je crois que chaque jour, elle planifie un nouveau mariage\u00a0\u00bb, s\u2019est-il amus\u00e9 aupr\u00e8s de nos confr\u00e8res.<\/p>\n<p>Avant de faire preuve d\u2019un peu plus de s\u00e9rieux : \u00ab\u00a0On est plut\u00f4t du genre \u00e0 vivre un jour \u00e0 la fois. Pendant que tu parlais, elle \u00e9tait assise l\u00e0, les yeux riv\u00e9s sur sa bague\u00a0\u00bb. Du c\u00f4t\u00e9 de la chanteuse, en plus de pr\u00e9parer le mariage, elle s\u2019active \u00e9galement sur son prochain album.<\/p>\n<p>\u00ab\u00a0J&rsquo;ai vraiment le sentiment que c&rsquo;est un moment privil\u00e9gi\u00e9 pour nous permettre de mettre tout notre c\u0153ur dans cet album, de traduire pleinement ce que nous ressentons et de le partager avec le monde. C&rsquo;est mon objectif principal en ce moment, du moins\u00a0\u00bb, a-t-elle confi\u00e9.<\/p>\n<p>Selena Gomez ne fera pas de premi\u00e8re danse avec Benny Blanco<\/p>\n<p>Quelques mois apr\u00e8s cet entretien, le couple a de nouveau \u00e9voqu\u00e9 son mariage dans le podcast <strong>\u00ab\u00a0Table Manners\u00a0\u00bb<\/strong> avec Jessie et Lennie Ware. C\u2019est \u00e0 cette occasion que Selena Gomez a r\u00e9v\u00e9l\u00e9 que la premi\u00e8re danse \u00e9tait annul\u00e9e.\u00a0<\/p>\n<p>Dans le podcast, la chanteuse a admis qu&rsquo;avoir tous les yeux riv\u00e9s sur elle la ferait \u00ab\u00a0probablement se sentir un peu g\u00ean\u00e9e\u00a0\u00bb. <strong>\u00ab\u00a0C\u2019est simplement parce que Selena est un peu timide\u00a0\u00bb<\/strong>, a alors rectifi\u00e9 son futur mari Benny Blanco.\u00a0<\/p>\n<p>N\u00e9anmoins, m\u00eame s\u2019il n\u2019y aura pas de premi\u00e8re danse au cours du mariage de Selena Gomez, celle-ci pr\u00e9voit tout de m\u00eame une danse sp\u00e9ciale avec son grand-p\u00e8re du c\u00f4t\u00e9 de sa m\u00e8re. En effet, celui-ci avait rat\u00e9 l&rsquo;occasion d&rsquo;accompagner sa m\u00e8re jusqu&rsquo;\u00e0 l&rsquo;autel \u00e0 cause d&rsquo;un mariage rapide \u00e0 Vegas. Pour rappel, la relation entre les deux artistes a vu le jour en juillet 2023. Avant d\u2019annoncer leurs fian\u00e7ailles en d\u00e9cembre 2024.<\/p>\n<p>      Mentionn\u00e9s dans cet article<\/p>\n<p>\u00c0 lire aussi<\/p>\n","protected":false},"excerpt":{"rendered":"R\u00e9sum\u00e9 Selena Gomez et Benny Blanco modifient une tradition du mariage en supprimant la premi\u00e8re danse, pr\u00e9voyant toutefois&hellip;\n","protected":false},"author":2,"featured_media":65943,"comment_status":"","ping_status":"","sticky":false,"template":"","format":"standard","meta":{"footnotes":""},"categories":[1359],"tags":[58,59,1011,27,1930,973,8831],"class_list":{"0":"post-65942","1":"post","2":"type-post","3":"status-publish","4":"format-standard","5":"has-post-thumbnail","7":"category-people","8":"tag-divertissement","9":"tag-entertainment","10":"tag-fr","11":"tag-france","12":"tag-mariage","13":"tag-people","14":"tag-selena-gomez"},"share_on_mastodon":{"url":"https:\/\/pubeurope.com\/@fr\/114430441096568452","error":""},"_links":{"self":[{"href":"https:\/\/www.europesays.com\/fr\/wp-json\/wp\/v2\/posts\/65942","targetHints":{"allow":["GET"]}}],"collection":[{"href":"https:\/\/www.europesays.com\/fr\/wp-json\/wp\/v2\/posts"}],"about":[{"href":"https:\/\/www.europesays.com\/fr\/wp-json\/wp\/v2\/types\/post"}],"author":[{"embeddable":true,"href":"https:\/\/www.europesays.com\/fr\/wp-json\/wp\/v2\/users\/2"}],"replies":[{"embeddable":true,"href":"https:\/\/www.europesays.com\/fr\/wp-json\/wp\/v2\/comments?post=65942"}],"version-history":[{"count":0,"href":"https:\/\/www.europesays.com\/fr\/wp-json\/wp\/v2\/posts\/65942\/revisions"}],"wp:featuredmedia":[{"embeddable":true,"href":"https:\/\/www.europesays.com\/fr\/wp-json\/wp\/v2\/media\/65943"}],"wp:attachment":[{"href":"https:\/\/www.europesays.com\/fr\/wp-json\/wp\/v2\/media?parent=65942"}],"wp:term":[{"taxonomy":"category","embeddable":true,"href":"https:\/\/www.europesays.com\/fr\/wp-json\/wp\/v2\/categories?post=65942"},{"taxonomy":"post_tag","embeddable":true,"href":"https:\/\/www.europesays.com\/fr\/wp-json\/wp\/v2\/tags?post=65942"}],"curies":[{"name":"wp","href":"https:\/\/api.w.org\/{rel}","templated":true}]}}