{"id":659421,"date":"2026-01-12T23:27:12","date_gmt":"2026-01-12T23:27:12","guid":{"rendered":"https:\/\/www.europesays.com\/fr\/659421\/"},"modified":"2026-01-12T23:27:12","modified_gmt":"2026-01-12T23:27:12","slug":"drome-des-arboriculteurs-juges-a-marseille-pour-trafic-de-pesticides","status":"publish","type":"post","link":"https:\/\/www.europesays.com\/fr\/659421\/","title":{"rendered":"Dr\u00f4me. Des arboriculteurs jug\u00e9s \u00e0 Marseille pour trafic de pesticides"},"content":{"rendered":"<p>Le proc\u00e8s de six arboriculteurs et mara\u00eechers des Bouches-du-Rh\u00f4ne et de la Dr\u00f4me et leur fournisseur s\u2019est ouvert lundi 12\u00a0janvier \u00e0 Marseille pour un trafic de pesticides import\u00e9s d\u2019Espagne, dossier dans lequel plusieurs associations de d\u00e9fense de l\u2019environnement et la Conf\u00e9d\u00e9ration paysanne sont parties civiles. Les sept pr\u00e9venus, \u00e2g\u00e9s de 55 \u00e0 78 ans, sont jug\u00e9s jusqu\u2019\u00e0 mercredi 14\u00a0janvier au tribunal correctionnel de Marseille.\u00a0Le premier, le fournisseur des pesticides Alain H., le doyen des pr\u00e9venus, est un septuag\u00e9naire. Il a d\u00e9j\u00e0 \u00e9t\u00e9 condamn\u00e9 d\u00e9finitivement dans un dossier similaire en Normandie \u00e0 six mois de prison avec sursis et 50\u00a0000\u00a0euros d\u2019amende.\u00a0<\/p>\n<p>Les six agriculteurs sont, eux, poursuivis notamment pour l\u2019utilisation de produits non autoris\u00e9s entre\u00a02018 et\u00a02024 ainsi que pour que faux et usage de faux.\u00a0Au total, ce sont trois tonnes et demie de produits interdits qui ont \u00e9t\u00e9 \u00e9coul\u00e9es entre\u00a02018 et\u00a02024, utilis\u00e9s ensuite sur des cultures de melons, salades, tomates, bl\u00e9, riz, artichauts, butternuts ou pommes et poires. Les exploitants de la Dr\u00f4me approvisionnaient notamment une enseigne sp\u00e9cialis\u00e9e dans les produits frais.<\/p>\n","protected":false},"excerpt":{"rendered":"Le proc\u00e8s de six arboriculteurs et mara\u00eechers des Bouches-du-Rh\u00f4ne et de la Dr\u00f4me et leur fournisseur s\u2019est ouvert&hellip;\n","protected":false},"author":2,"featured_media":659422,"comment_status":"","ping_status":"","sticky":false,"template":"","format":"standard","meta":{"footnotes":""},"categories":[2814],"tags":[1111,11,885,2730,6436,2737,2735,1777,674,274,1011,27,884,12,882,25],"class_list":{"0":"post-659421","1":"post","2":"type-post","3":"status-publish","4":"format-standard","5":"has-post-thumbnail","7":"category-marseille","8":"tag-actu","9":"tag-actualites","10":"tag-bouches-du-rhone","11":"tag-drome","12":"tag-edition-montelimar-drome-provencale","13":"tag-edition-romans-nord-drome","14":"tag-edition-valence-rhone-crussol-vallee-de-la-drome","15":"tag-eu","16":"tag-europe","17":"tag-faits-divers-justice","18":"tag-fr","19":"tag-france","20":"tag-marseille","21":"tag-news","22":"tag-provence-alpes-cote-dazur","23":"tag-republique-francaise"},"share_on_mastodon":{"url":"https:\/\/pubeurope.com\/@fr\/115884723027106815","error":""},"_links":{"self":[{"href":"https:\/\/www.europesays.com\/fr\/wp-json\/wp\/v2\/posts\/659421","targetHints":{"allow":["GET"]}}],"collection":[{"href":"https:\/\/www.europesays.com\/fr\/wp-json\/wp\/v2\/posts"}],"about":[{"href":"https:\/\/www.europesays.com\/fr\/wp-json\/wp\/v2\/types\/post"}],"author":[{"embeddable":true,"href":"https:\/\/www.europesays.com\/fr\/wp-json\/wp\/v2\/users\/2"}],"replies":[{"embeddable":true,"href":"https:\/\/www.europesays.com\/fr\/wp-json\/wp\/v2\/comments?post=659421"}],"version-history":[{"count":0,"href":"https:\/\/www.europesays.com\/fr\/wp-json\/wp\/v2\/posts\/659421\/revisions"}],"wp:featuredmedia":[{"embeddable":true,"href":"https:\/\/www.europesays.com\/fr\/wp-json\/wp\/v2\/media\/659422"}],"wp:attachment":[{"href":"https:\/\/www.europesays.com\/fr\/wp-json\/wp\/v2\/media?parent=659421"}],"wp:term":[{"taxonomy":"category","embeddable":true,"href":"https:\/\/www.europesays.com\/fr\/wp-json\/wp\/v2\/categories?post=659421"},{"taxonomy":"post_tag","embeddable":true,"href":"https:\/\/www.europesays.com\/fr\/wp-json\/wp\/v2\/tags?post=659421"}],"curies":[{"name":"wp","href":"https:\/\/api.w.org\/{rel}","templated":true}]}}