{"id":659431,"date":"2026-01-12T23:33:15","date_gmt":"2026-01-12T23:33:15","guid":{"rendered":"https:\/\/www.europesays.com\/fr\/659431\/"},"modified":"2026-01-12T23:33:15","modified_gmt":"2026-01-12T23:33:15","slug":"les-bijoux-seraient-passes-dans-un-box-a-aubervilliers-apres-le-casse","status":"publish","type":"post","link":"https:\/\/www.europesays.com\/fr\/659431\/","title":{"rendered":"les bijoux seraient pass\u00e9s dans un box \u00e0 Aubervilliers apr\u00e8s le casse"},"content":{"rendered":"<p>O\u00f9 sont les bijoux vol\u00e9s au Louvre le dimanche 19 octobre \u00e0 9 h 30\u00a0? Les enqu\u00eateurs sont toujours \u00e0 la recherche des pr\u00e9cieux objets pr\u00e8s de trois mois apr\u00e8s les faits. D&rsquo;apr\u00e8s <a href=\"https:\/\/www.leparisien.fr\/faits-divers\/casse-du-siecle-au-louvre-le-box-conspiratif-daubervilliers-derniere-cache-identifiee-des-bijoux-12-01-2026-46A3ZOPVSNET3CKD4SFOB4D5Y4.php\" target=\"_blank\" rel=\"nofollow noopener\">Le Parisien<\/a>, les <a href=\"https:\/\/www.ledauphine.com\/faits-divers-justice\/2025\/10\/26\/cambriolage-au-louvre-ce-que-l-on-sait-sur-les-deux-suspects-arretes-une-semaine-apres-le-casse\" target=\"_blank\" rel=\"noopener\">quatre hommes arr\u00eat\u00e9s et suspect\u00e9s d&rsquo;appartenir au commando <\/a>seront auditionn\u00e9s sur les faits \u00e0 partir de mardi 13 janvier et jusqu&rsquo;\u00e0 la semaine prochaine.\u00a0<\/p>\n<p>L&rsquo;objectif est d&rsquo;obtenir enfin des \u00e9l\u00e9ments suppl\u00e9mentaires sur le lieu o\u00f9 se trouvent les joyaux de la Couronne. Les huits bijoux vol\u00e9s repr\u00e9sentent 88 millions d&rsquo;euros. Selon <a href=\"https:\/\/www.ledauphine.com\/faits-divers-justice\/2025\/12\/22\/casse-du-siecle-au-louvre-huit-bijoux-avec-8482-diamants-un-commanditaire-a-l-accent-slave\" target=\"_blank\" rel=\"noopener\">BFM TV, ils comportent 8 482 diamants<\/a>, 35 \u00e9meraudes, 34 saphirs et 212 perles, sans compter l&rsquo;or.<\/p>\n<p>Un parking qui sert de cache\u00a0?<\/p>\n<p>D&rsquo;apr\u00e8s Le Parisien, les policiers de la Brigade de r\u00e9pression du banditisme (BRB) ont progress\u00e9 dans leur enqu\u00eate. Ces derni\u00e8res semaines, les enqu\u00eateurs ont identifi\u00e9 un parking, \u00e0 Aubervilliers, o\u00f9 auraient transit\u00e9 les bijoux.\u00a0<\/p>\n<p>Le quotidien francilien, bien inform\u00e9, relate que des cam\u00e9ras de vid\u00e9osurveillance d&rsquo;un parking souterrain d&rsquo;Aubervilliers ont capt\u00e9 deux malfaiteurs en train d&rsquo;admirer les bijoux et se les passer de main en main. Les deux hommes quittent ensuite pr\u00e9cipitamment les lieux.\u00a0Il s&rsquo;agit de la derni\u00e8re trace connue des joyaux.<\/p>\n<p>Gr\u00e2ce aux cam\u00e9ras, les enqu\u00eateurs rel\u00e8vent que d&rsquo;intrigantes op\u00e9rations d&rsquo;exfiltration sont r\u00e9alis\u00e9es dans la nuit du 22 au 23 octobre, trois jours apr\u00e8s le casse. Apr\u00e8s avoir rep\u00e9r\u00e9 les cam\u00e9ras, deux hommes, interpell\u00e9s par la suite, exfiltrent un Citro\u00ebn Berlingo Blanc utilis\u00e9 le jour du cambriolage. Une des pistes des enqu\u00eateurs\u00a0: le v\u00e9hicule pourrait avoir transport\u00e9 les bijoux \u00e0 ce moment. Aujourd&rsquo;hui, le butin et les v\u00e9hicules sont introuvables.<\/p>\n<p class=\"note\">&gt;&gt; Lire l&rsquo;article complet sur <a href=\"https:\/\/www.leparisien.fr\/faits-divers\/casse-du-siecle-au-louvre-le-box-conspiratif-daubervilliers-derniere-cache-identifiee-des-bijoux-12-01-2026-46A3ZOPVSNET3CKD4SFOB4D5Y4.php\" target=\"_blank\" rel=\"nofollow noopener\">Le Parisien<\/a><\/p>\n","protected":false},"excerpt":{"rendered":"O\u00f9 sont les bijoux vol\u00e9s au Louvre le dimanche 19 octobre \u00e0 9 h 30\u00a0? Les enqu\u00eateurs sont&hellip;\n","protected":false},"author":2,"featured_media":659432,"comment_status":"","ping_status":"","sticky":false,"template":"","format":"standard","meta":{"footnotes":""},"categories":[1888],"tags":[1111,1928,11,1927,271,272,1777,674,274,107,1011,27,329,12,1926,626,1925,25],"class_list":{"0":"post-659431","1":"post","2":"type-post","3":"status-publish","4":"format-standard","5":"has-post-thumbnail","7":"category-paris","8":"tag-actu","9":"tag-actu-paris","10":"tag-actualites","11":"tag-actualites-paris","12":"tag-crime","13":"tag-delit-et-contravention","14":"tag-eu","15":"tag-europe","16":"tag-faits-divers-justice","17":"tag-fil-info","18":"tag-fr","19":"tag-france","20":"tag-france-monde","21":"tag-news","22":"tag-news-paris","23":"tag-paris","24":"tag-paris-news","25":"tag-republique-francaise"},"share_on_mastodon":{"url":"https:\/\/pubeurope.com\/@fr\/115884746618533426","error":""},"_links":{"self":[{"href":"https:\/\/www.europesays.com\/fr\/wp-json\/wp\/v2\/posts\/659431","targetHints":{"allow":["GET"]}}],"collection":[{"href":"https:\/\/www.europesays.com\/fr\/wp-json\/wp\/v2\/posts"}],"about":[{"href":"https:\/\/www.europesays.com\/fr\/wp-json\/wp\/v2\/types\/post"}],"author":[{"embeddable":true,"href":"https:\/\/www.europesays.com\/fr\/wp-json\/wp\/v2\/users\/2"}],"replies":[{"embeddable":true,"href":"https:\/\/www.europesays.com\/fr\/wp-json\/wp\/v2\/comments?post=659431"}],"version-history":[{"count":0,"href":"https:\/\/www.europesays.com\/fr\/wp-json\/wp\/v2\/posts\/659431\/revisions"}],"wp:featuredmedia":[{"embeddable":true,"href":"https:\/\/www.europesays.com\/fr\/wp-json\/wp\/v2\/media\/659432"}],"wp:attachment":[{"href":"https:\/\/www.europesays.com\/fr\/wp-json\/wp\/v2\/media?parent=659431"}],"wp:term":[{"taxonomy":"category","embeddable":true,"href":"https:\/\/www.europesays.com\/fr\/wp-json\/wp\/v2\/categories?post=659431"},{"taxonomy":"post_tag","embeddable":true,"href":"https:\/\/www.europesays.com\/fr\/wp-json\/wp\/v2\/tags?post=659431"}],"curies":[{"name":"wp","href":"https:\/\/api.w.org\/{rel}","templated":true}]}}