{"id":659450,"date":"2026-01-12T23:43:11","date_gmt":"2026-01-12T23:43:11","guid":{"rendered":"https:\/\/www.europesays.com\/fr\/659450\/"},"modified":"2026-01-12T23:43:11","modified_gmt":"2026-01-12T23:43:11","slug":"donald-trump-annonce-des-droits-de-douane-de-25-supplementaires-pour-tout-pays-commercant-avec-liran","status":"publish","type":"post","link":"https:\/\/www.europesays.com\/fr\/659450\/","title":{"rendered":"Donald Trump annonce des droits de douane de 25 % suppl\u00e9mentaires pour tout pays commer\u00e7ant avec l\u2019Iran"},"content":{"rendered":"<p>   En neutralisant Starlink l\u2019Iran isole encore un peu plus la population             <\/p>\n<p class=\"post__live-container--answer-text post__space-node\">En r\u00e9ussissant \u00e0 brouiller pour la premi\u00e8re fois \u00e0 grande \u00e9chelle les terminaux Starlink pour enrayer la contestation, les autorit\u00e9s iraniennes ont fait monter d\u2019un cran leur capacit\u00e9 \u00e0 isoler leur population du reste du monde.<\/p>\n<p class=\"post__live-container--answer-text post__space-node\">\u00ab\u00a0C\u2019est la premi\u00e8re fois qu\u2019on le voit avec une telle intensit\u00e9 sur Starlink, c\u2019est une nouveaut\u00e9 dans le monde du brouillage\u00a0\u00bb, explique \u00e0 l\u2019Agence France-Presse Kav\u00e9 Salamatian, professeur \u00e0 l\u2019universit\u00e9 Savoie Mont-Blanc, sp\u00e9cialiste de la g\u00e9opolitique du cyberespace et coauteur d\u2019une \u00e9tude sur l\u2019Internet iranien.<\/p>\n<p class=\"post__live-container--answer-text post__space-node\">\u00ab\u00a0Je travaille sur l\u2019acc\u00e8s \u00e0 Internet depuis vingt\u00a0ans et je n\u2019ai jamais vu une telle chose\u00a0\u00bb, a d\u00e9clar\u00e9 \u00e0 la publication sp\u00e9cialis\u00e9e TechRadar Amir Rashidi, directeur pour l\u2019Internet du groupe de d\u00e9fense des droits Miaan Group.<\/p>\n<p class=\"post__live-container--answer-text post__space-node\">L\u2019Iran a coup\u00e9, le 8\u00a0janvier, les acc\u00e8s \u00e0 Internet de sa population, l\u2019emp\u00eachant de partager avec le reste du monde des informations sur les manifestations en cours et leur r\u00e9pression [La R\u00e9publique islamique a d\u00e9velopp\u00e9 au fil des ans une capacit\u00e9 hors du commun de contr\u00f4le de son r\u00e9seau]. Apr\u00e8s une arriv\u00e9e d\u2019Internet relativement ouverte, les autorit\u00e9s ont entrepris, \u00e0 la fin des ann\u00e9es 2000,\u00a0un \u00ab\u00a0travail de fond d\u2019environ dix-douze\u00a0ans, avec une restructuration compl\u00e8te du r\u00e9seau Internet iranien qui a permis en quelque sorte de faire rentrer le djinn dans la bouteille\u00a0\u00bb, explique M. Salamatian.<\/p>\n<p class=\"post__live-container--answer-text post__space-node\">Tr\u00e8s ais\u00e9 \u00e0 mettre en \u0153uvre, le contr\u00f4le s\u2019op\u00e8re dans la \u00ab\u00a0couche logique du routage. Ils sont capables d\u2019un contr\u00f4le tr\u00e8s fin, pouvant d\u00e9cider que tel ou tel c\u00f4t\u00e9 de telle ou telle rue a Internet ou pas\u00a0\u00bb, selon lui.<\/p>\n<p class=\"post__live-container--answer-text post__space-node\">Starlink peut permettre de surmonter le probl\u00e8me, avec sa constellation de satellites en orbite basse permettant d\u2019avoir Internet en \u00e9tablissant une connexion de donn\u00e9es entre ces satellites \u00e9voluant \u00e0 environ 550\u00a0kilom\u00e8tres d\u2019altitude et les utilisateurs au sol, s\u2019affranchissant des acc\u00e8s \u00e0 Internet locaux.<\/p>\n<p class=\"post__live-container--answer-text post__space-node\">Reste \u00e0 savoir si Starlink a les moyens de contourner le brouillage. \u00ab\u00a0Nous pourrions r\u00e9tablir Internet\u00a0\u00bb en Iran, a d\u00e9clar\u00e9 le pr\u00e9sident am\u00e9ricain, Donald Trump, dans la nuit de dimanche 11 \u00e0 lundi 12\u00a0janvier. \u00ab\u00a0Je pourrais parler \u00e0 Elon [Musk, le patron de Starlink], parce que, comme vous le savez, son entreprise est tr\u00e8s bonne dans ce domaine\u00a0\u00bb.<\/p>\n","protected":false},"excerpt":{"rendered":"En neutralisant Starlink l\u2019Iran isole encore un peu plus la population En r\u00e9ussissant \u00e0 brouiller pour la premi\u00e8re&hellip;\n","protected":false},"author":2,"featured_media":659451,"comment_status":"","ping_status":"","sticky":false,"template":"","format":"standard","meta":{"footnotes":""},"categories":[2],"tags":[11,1011,27,12,25],"class_list":{"0":"post-659450","1":"post","2":"type-post","3":"status-publish","4":"format-standard","5":"has-post-thumbnail","7":"category-actualites","8":"tag-actualites","9":"tag-fr","10":"tag-france","11":"tag-news","12":"tag-republique-francaise"},"share_on_mastodon":{"url":"https:\/\/pubeurope.com\/@fr\/115884785910234711","error":""},"_links":{"self":[{"href":"https:\/\/www.europesays.com\/fr\/wp-json\/wp\/v2\/posts\/659450","targetHints":{"allow":["GET"]}}],"collection":[{"href":"https:\/\/www.europesays.com\/fr\/wp-json\/wp\/v2\/posts"}],"about":[{"href":"https:\/\/www.europesays.com\/fr\/wp-json\/wp\/v2\/types\/post"}],"author":[{"embeddable":true,"href":"https:\/\/www.europesays.com\/fr\/wp-json\/wp\/v2\/users\/2"}],"replies":[{"embeddable":true,"href":"https:\/\/www.europesays.com\/fr\/wp-json\/wp\/v2\/comments?post=659450"}],"version-history":[{"count":0,"href":"https:\/\/www.europesays.com\/fr\/wp-json\/wp\/v2\/posts\/659450\/revisions"}],"wp:featuredmedia":[{"embeddable":true,"href":"https:\/\/www.europesays.com\/fr\/wp-json\/wp\/v2\/media\/659451"}],"wp:attachment":[{"href":"https:\/\/www.europesays.com\/fr\/wp-json\/wp\/v2\/media?parent=659450"}],"wp:term":[{"taxonomy":"category","embeddable":true,"href":"https:\/\/www.europesays.com\/fr\/wp-json\/wp\/v2\/categories?post=659450"},{"taxonomy":"post_tag","embeddable":true,"href":"https:\/\/www.europesays.com\/fr\/wp-json\/wp\/v2\/tags?post=659450"}],"curies":[{"name":"wp","href":"https:\/\/api.w.org\/{rel}","templated":true}]}}