{"id":659452,"date":"2026-01-12T23:44:15","date_gmt":"2026-01-12T23:44:15","guid":{"rendered":"https:\/\/www.europesays.com\/fr\/659452\/"},"modified":"2026-01-12T23:44:15","modified_gmt":"2026-01-12T23:44:15","slug":"le-ton-monte-entre-trump-et-le-patron-dexxon","status":"publish","type":"post","link":"https:\/\/www.europesays.com\/fr\/659452\/","title":{"rendered":"le ton monte entre Trump et le patron d\u2019Exxon"},"content":{"rendered":"<p>\n    Le pr\u00e9sident am\u00e9ricain veut pousser les majors \u00e0 investir 100 milliards de dollars au Venezuela, et met la pression sur la major am\u00e9ricaine. Les compagnies rechignent \u00e0 s\u2019engager dans un pays encore tr\u00e8s instable.<\/p>\n<p class=\"fig-paragraph\">Ira? Ira pas? Pour Darren Woods, le pr\u00e9sident ex\u00e9cutif d\u2019Exxon, la r\u00e9ponse est non. Non \u00e0 un nouvel investissement dans l\u2019exploitation p\u00e9troli\u00e8re au Venezuela. Un affront pour Donald Trump qui demande instamment aux compagnies p\u00e9troli\u00e8res am\u00e9ricaines d\u2019investir 100 milliards de dollars dans le pays.<\/p>\n<p class=\"fig-paragraph\">\u00abNos actifs ont d\u00e9j\u00e0 \u00e9t\u00e9 saisis deux fois l\u00e0-bas et donc, vous pouvez imaginer que d\u2019importants changements sont n\u00e9cessaires par rapport \u00e0 ce que nous avons v\u00e9cu historiquement et \u00e0 la situation actuelle avant qu\u2019on y retourne une troisi\u00e8me fois\u00bb, a expliqu\u00e9 Darren Woods. Une r\u00e9ponse qui n\u2019a pas du tout plu \u00e0 Donald Trump\u00a0: \u00abJe n\u2019ai pas aim\u00e9 la r\u00e9ponse d\u2019Exxon&#8230;. Je serai probablement tent\u00e9 de mettre Exxon \u00e0 l\u2019\u00e9cart. Je n\u2019ai pas aim\u00e9 leur r\u00e9ponse. Ils la jouent trop gentiment\u00bb, a-t-il d\u00e9clar\u00e9 \u00e0 la presse am\u00e9ricaine lors d\u2019un trajet dans son avion Air Force One dimanche.<\/p>\n<p>                                            <a class=\"fig-a11y-skip\" href=\"#fig-a11y-skip-main-inarticle\" data-module=\"a11y-skip\" data-context=\"was @visible\"><br \/>\n    Passer la publicit\u00e9<br \/>\n<\/a>            <\/p>\n<p class=\"fig-paragraph\">Le ton est donn\u00e9. Les rencontres entre Donald Trump et les patrons des majors am\u00e9ricaines ne sont pas des consultations, mais plut\u00f4t des ordres de mission. La r\u00e9ticence des compagnies est n\u00e9anmoins tout \u00e0 fait entendable. La situation au Venezuela est loin d\u2019\u00eatre stabilis\u00e9e. Seul Chevron y dispose encore d\u2019une licence am\u00e9ricaine pour exploiter des hydrocarbures. Les autres entreprises occidentales se sont vues retirer leurs autorisations l\u2019ann\u00e9e derni\u00e8re, par les \u00c9tats-Unis. Seuls les Chinois ont maintenu leur pr\u00e9sence.<\/p>\n<p class=\"fig-paragraph\">Une entreprise est n\u00e9anmoins pr\u00eate \u00e0 r\u00e9pondre \u00e0 l\u2019appel, mais elle est fran\u00e7aise et fait figure de Petit Poucet. \u00abNous esp\u00e9rons un retour \u00e0 la situation d\u2019avant mai 2025 \u00bb, confiait au Figaro d\u00e8s lundi 5 janvier, Olivier de Langavant, PDG de\u00a0<a href=\"https:\/\/lefigaro.fr\/tag\/maurel&amp;prom\" target=\"_blank\" rel=\"sponsored noopener\" data-gtm-custom-categorie=\"navigation\" data-gtm-custom-action=\"crossclick\" data-gtm-custom-label=\"Contextuel\" data-gtm-event=\"customEventSPE\">Maurel &amp; Prom<\/a>. En fin connaisseur, il ajoutait que \u00ab les majors am\u00e9ricaines ne sont peut-\u00eatre pas press\u00e9es de se relancer dans le pays \u00bb.<\/p>\n","protected":false},"excerpt":{"rendered":"Le pr\u00e9sident am\u00e9ricain veut pousser les majors \u00e0 investir 100 milliards de dollars au Venezuela, et met la&hellip;\n","protected":false},"author":2,"featured_media":659453,"comment_status":"","ping_status":"","sticky":false,"template":"","format":"standard","meta":{"footnotes":""},"categories":[2],"tags":[1111,47,11,1117,1109,1112,636,341,257,632,1108,107,1106,1107,1119,1011,27,1116,1110,1114,500,12,1113,1118,25,137,401,1115],"class_list":{"0":"post-659452","1":"post","2":"type-post","3":"status-publish","4":"format-standard","5":"has-post-thumbnail","7":"category-actualites","8":"tag-actu","9":"tag-actualite","10":"tag-actualites","11":"tag-assurance","12":"tag-breves","13":"tag-depeches","14":"tag-devises","15":"tag-emploi","16":"tag-entreprise","17":"tag-fcp","18":"tag-fil","19":"tag-fil-info","20":"tag-flash","21":"tag-flash-actu","22":"tag-formation","23":"tag-fr","24":"tag-france","25":"tag-immobilier","26":"tag-informations","27":"tag-infos","28":"tag-medias","29":"tag-news","30":"tag-nouvelles","31":"tag-placement","32":"tag-republique-francaise","33":"tag-retraite","34":"tag-sicav","35":"tag-taux"},"share_on_mastodon":{"url":"https:\/\/pubeurope.com\/@fr\/115884789867634160","error":""},"_links":{"self":[{"href":"https:\/\/www.europesays.com\/fr\/wp-json\/wp\/v2\/posts\/659452","targetHints":{"allow":["GET"]}}],"collection":[{"href":"https:\/\/www.europesays.com\/fr\/wp-json\/wp\/v2\/posts"}],"about":[{"href":"https:\/\/www.europesays.com\/fr\/wp-json\/wp\/v2\/types\/post"}],"author":[{"embeddable":true,"href":"https:\/\/www.europesays.com\/fr\/wp-json\/wp\/v2\/users\/2"}],"replies":[{"embeddable":true,"href":"https:\/\/www.europesays.com\/fr\/wp-json\/wp\/v2\/comments?post=659452"}],"version-history":[{"count":0,"href":"https:\/\/www.europesays.com\/fr\/wp-json\/wp\/v2\/posts\/659452\/revisions"}],"wp:featuredmedia":[{"embeddable":true,"href":"https:\/\/www.europesays.com\/fr\/wp-json\/wp\/v2\/media\/659453"}],"wp:attachment":[{"href":"https:\/\/www.europesays.com\/fr\/wp-json\/wp\/v2\/media?parent=659452"}],"wp:term":[{"taxonomy":"category","embeddable":true,"href":"https:\/\/www.europesays.com\/fr\/wp-json\/wp\/v2\/categories?post=659452"},{"taxonomy":"post_tag","embeddable":true,"href":"https:\/\/www.europesays.com\/fr\/wp-json\/wp\/v2\/tags?post=659452"}],"curies":[{"name":"wp","href":"https:\/\/api.w.org\/{rel}","templated":true}]}}