{"id":659458,"date":"2026-01-12T23:53:17","date_gmt":"2026-01-12T23:53:17","guid":{"rendered":"https:\/\/www.europesays.com\/fr\/659458\/"},"modified":"2026-01-12T23:53:17","modified_gmt":"2026-01-12T23:53:17","slug":"giro-et-tour-de-france-jonas-vingegaard-a-fait-son-choix-pour-2026","status":"publish","type":"post","link":"https:\/\/www.europesays.com\/fr\/659458\/","title":{"rendered":"Giro et Tour de France\u00a0: Jonas Vingegaard a fait son choix pour 2026"},"content":{"rendered":"<p class=\"ap-StoryElement ap-StoryElement--mb ap-StoryText\">En 2026, Jonas Vingegaard disputera \u00e0 la fois le Tour d&rsquo;Italie et le Tour de France, selon le site n\u00e9erlandais Wielerflits, souvent bien inform\u00e9 au sujet de l&rsquo;\u00e9quipe Visma | Lease a Bike.<\/p>\n<p class=\"ap-StoryElement ap-StoryElement--mb ap-StoryText\">Ces derniers mois, le Danois avait \u00e0 plusieurs reprises marqu\u00e9 son envie de disputer le Giro, duquel il n&rsquo;a jamais pris le d\u00e9part dans sa carri\u00e8re. Il y a une semaine, le journal espagnol Marca annon\u00e7ait que le double vainqueur du Tour avait conclu un accord avec RCS, organisateur du Giro, pour \u00eatre au d\u00e9part du grand tour italien le 8 mai prochain.<\/p>\n","protected":false},"excerpt":{"rendered":"En 2026, Jonas Vingegaard disputera \u00e0 la fois le Tour d&rsquo;Italie et le Tour de France, selon le&hellip;\n","protected":false},"author":2,"featured_media":659459,"comment_status":"","ping_status":"","sticky":false,"template":"","format":"standard","meta":{"footnotes":""},"categories":[1411],"tags":[1154,207,1011,27,27884,13074,60,1138,210],"class_list":{"0":"post-659458","1":"post","2":"type-post","3":"status-publish","4":"format-standard","5":"has-post-thumbnail","7":"category-cyclisme","8":"tag-cycling","9":"tag-cyclisme","10":"tag-fr","11":"tag-france","12":"tag-jonas-vingegaard","13":"tag-le-giro-le-tour-ditalie","14":"tag-sports","15":"tag-tadej-pogacar","16":"tag-tour-de-france"},"share_on_mastodon":{"url":"https:\/\/pubeurope.com\/@fr\/115884825314472809","error":""},"_links":{"self":[{"href":"https:\/\/www.europesays.com\/fr\/wp-json\/wp\/v2\/posts\/659458","targetHints":{"allow":["GET"]}}],"collection":[{"href":"https:\/\/www.europesays.com\/fr\/wp-json\/wp\/v2\/posts"}],"about":[{"href":"https:\/\/www.europesays.com\/fr\/wp-json\/wp\/v2\/types\/post"}],"author":[{"embeddable":true,"href":"https:\/\/www.europesays.com\/fr\/wp-json\/wp\/v2\/users\/2"}],"replies":[{"embeddable":true,"href":"https:\/\/www.europesays.com\/fr\/wp-json\/wp\/v2\/comments?post=659458"}],"version-history":[{"count":0,"href":"https:\/\/www.europesays.com\/fr\/wp-json\/wp\/v2\/posts\/659458\/revisions"}],"wp:featuredmedia":[{"embeddable":true,"href":"https:\/\/www.europesays.com\/fr\/wp-json\/wp\/v2\/media\/659459"}],"wp:attachment":[{"href":"https:\/\/www.europesays.com\/fr\/wp-json\/wp\/v2\/media?parent=659458"}],"wp:term":[{"taxonomy":"category","embeddable":true,"href":"https:\/\/www.europesays.com\/fr\/wp-json\/wp\/v2\/categories?post=659458"},{"taxonomy":"post_tag","embeddable":true,"href":"https:\/\/www.europesays.com\/fr\/wp-json\/wp\/v2\/tags?post=659458"}],"curies":[{"name":"wp","href":"https:\/\/api.w.org\/{rel}","templated":true}]}}