{"id":659460,"date":"2026-01-12T23:54:15","date_gmt":"2026-01-12T23:54:15","guid":{"rendered":"https:\/\/www.europesays.com\/fr\/659460\/"},"modified":"2026-01-12T23:54:15","modified_gmt":"2026-01-12T23:54:15","slug":"maignan-tel-carrick-les-5-infos-mercato-du-12-janvier-a-la-mi-journee","status":"publish","type":"post","link":"https:\/\/www.europesays.com\/fr\/659460\/","title":{"rendered":"Maignan, Tel, Carrick\u2026 Les 5 infos mercato du 12 janvier \u00e0 la mi-journ\u00e9e"},"content":{"rendered":"<p>Maignan, Tel, Carrick\u2026 Les 5 infos mercato du 12 janvier \u00e0 la mi-journ\u00e9e Sur le m\u00eame sujet<a href=\"https:\/\/rmcsport.bfmtv.com\/football\/video-mercato-om-un-probleme-de-contrat-avec-vaz-de-zerbi-fait-le-point_VN-202601120639.html\" title=\"Mercato OM : &quot;Un probl\u00e8me de contrat avec Vaz&quot;, De Zerbi fait le point\" target=\"_blank\" rel=\"noopener\"><img class=\"lozad\"  width=\"16\" height=\"9\" alt=\"Mercato OM : &quot;Un probl\u00e8me de contrat avec Vaz&quot;, De Zerbi fait le point\"\/>0:58Mercato OM : \u00ab\u00a0Un probl\u00e8me de contrat avec Vaz\u00a0\u00bb, De Zerbi fait le point<\/a><a href=\"https:\/\/rmcsport.bfmtv.com\/football\/transferts\/video-maignan-tel-carrick-les-5-infos-mercato-du-12-janvier-a-la-mi-journee_VN-202601120523.html\" title=\"Maignan, Tel, Carrick\u2026 Les 5 infos mercato du 12 janvier \u00e0 la mi-journ\u00e9e\" target=\"_blank\" rel=\"noopener\"><img class=\"lozad\"  width=\"16\" height=\"9\" alt=\"Maignan, Tel, Carrick\u2026 Les 5 infos mercato du 12 janvier \u00e0 la mi-journ\u00e9e\"\/>en lectureMaignan, Tel, Carrick\u2026 Les 5 infos mercato du 12 janvier \u00e0 la mi-journ\u00e9e<\/a><a href=\"https:\/\/rmcsport.bfmtv.com\/football\/transferts\/video-benzema-mazraoui-kamara-les-infos-mercato-du-dimanche-11-janvier_VN-202601110179.html\" title=\"Benzema, Mazraoui, Kamara\u2026 Les infos mercato du dimanche 11 janvier\" target=\"_blank\" rel=\"noopener\"><img class=\"lozad\"  width=\"16\" height=\"9\" alt=\"Benzema, Mazraoui, Kamara\u2026 Les infos mercato du dimanche 11 janvier\"\/>1:24Benzema, Mazraoui, Kamara\u2026 Les infos mercato du dimanche 11 janvier<\/a><a href=\"https:\/\/rmcsport.bfmtv.com\/football\/video-after-psg-luis-enrique-barcola-dembele-les-enjeux-brulants-de-l-annee-2026_VN-202601080916.html\" title=\"After PSG : Luis Enrique, Barcola, Demb\u00e9l\u00e9\u2026 les enjeux br\u00fblants de l&#039;ann\u00e9e 2026\" target=\"_blank\" rel=\"noopener\"><img class=\"lozad\"  width=\"16\" height=\"9\" alt=\"After PSG : Luis Enrique, Barcola, Demb\u00e9l\u00e9\u2026 les enjeux br\u00fblants de l'ann\u00e9e 2026\"\/>27:07After PSG : Luis Enrique, Barcola, Demb\u00e9l\u00e9\u2026 les enjeux br\u00fblants de l&rsquo;ann\u00e9e 2026<\/a><a href=\"https:\/\/rmcsport.bfmtv.com\/football\/video-les-5-gros-flops-du-mercato-estival-after-italie_VN-202601080692.html\" title=\"Les 5 gros flops du mercato estival (AFTER ITALIE)\" target=\"_blank\" rel=\"noopener\"><img class=\"lozad\"  width=\"16\" height=\"9\" alt=\"Les 5 gros flops du mercato estival (AFTER ITALIE)\"\/>26:24Les 5 gros flops du mercato estival (AFTER ITALIE)<\/a><a href=\"https:\/\/rmcsport.bfmtv.com\/football\/transferts\/video-guendouzi-amorim-semenyo-les-5-infos-mercato-du-8-janvier-a-la-mi-journee_VN-202601080469.html\" title=\"Guendouzi, Amorim, Semenyo\u2026 Les 5 infos mercato du 8 janvier \u00e0 la mi-journ\u00e9e\" target=\"_blank\" rel=\"noopener\"><img class=\"lozad\"  width=\"16\" height=\"9\" alt=\"Guendouzi, Amorim, Semenyo\u2026 Les 5 infos mercato du 8 janvier \u00e0 la mi-journ\u00e9e\"\/>1:24Guendouzi, Amorim, Semenyo\u2026 Les 5 infos mercato du 8 janvier \u00e0 la mi-journ\u00e9e<\/a><a href=\"https:\/\/rmcsport.bfmtv.com\/replay-emissions\/after-foot\/video-chelsea-rosenior-reste-un-enorme-pari-laurence-exprime-l-apprehension-des-supporters_VN-202601071026.html\" title=\"Chelsea : \u201cRosenior reste un \u00e9norme pari\u201d, Laurens exprime l&#039;appr\u00e9hension des supporters\" target=\"_blank\" rel=\"noopener\"><img class=\"lozad\"  width=\"16\" height=\"9\" alt=\"Chelsea : \u201cRosenior reste un \u00e9norme pari\u201d, Laurens exprime l'appr\u00e9hension des supporters\"\/>9:45Chelsea : \u201cRosenior reste un \u00e9norme pari\u201d, Laurens exprime l&rsquo;appr\u00e9hension des supporters<\/a><a href=\"https:\/\/rmcsport.bfmtv.com\/football\/transferts\/video-o-neill-guendouzi-upamecano-les-5-infos-mercato-du-7-janvier-a-la-mi-journee_VN-202601070486.html\" title=\"O&#039;Neil, Guendouzi, Upamecano\u2026 Les 5 infos mercato du 7 janvier \u00e0 la mi-journ\u00e9e\" target=\"_blank\" rel=\"noopener\"><img class=\"lozad\"  width=\"16\" height=\"9\" alt=\"O'Neil, Guendouzi, Upamecano\u2026 Les 5 infos mercato du 7 janvier \u00e0 la mi-journ\u00e9e\"\/>1:24O&rsquo;Neil, Guendouzi, Upamecano\u2026 Les 5 infos mercato du 7 janvier \u00e0 la mi-journ\u00e9e<\/a><a href=\"https:\/\/rmcsport.bfmtv.com\/replay-emissions\/rothen-regale\/video-om-j-ai-du-mal-a-y-voir-clair-dugarry-exaspere-par-la-gestion-des-jeunes-a-l-om_VN-202601060751.html\" title=\"OM : &quot;J&#039;ai du mal \u00e0 y voir clair&quot;, Dugarry exasp\u00e9r\u00e9 par la gestion des jeunes \u00e0 l&#039;OM\" target=\"_blank\" rel=\"noopener\"><img class=\"lozad\"  width=\"16\" height=\"9\" alt=\"OM : &quot;J'ai du mal \u00e0 y voir clair&quot;, Dugarry exasp\u00e9r\u00e9 par la gestion des jeunes \u00e0 l'OM\"\/>19:26OM : \u00ab\u00a0J&rsquo;ai du mal \u00e0 y voir clair\u00a0\u00bb, Dugarry exasp\u00e9r\u00e9 par la gestion des jeunes \u00e0 l&rsquo;OM<\/a><a href=\"https:\/\/rmcsport.bfmtv.com\/football\/transferts\/video-rosenior-vinicius-cancelo-les-5-infos-mercato-du-6-janvier-a-la-mi-journee_VN-202601060480.html\" title=\"Rosenior, Vinicius, Cancelo\u2026 Les 5 infos mercato du 6 janvier \u00e0 la mi-journ\u00e9e\" target=\"_blank\" rel=\"noopener\"><img class=\"lozad\"  width=\"16\" height=\"9\" alt=\"Rosenior, Vinicius, Cancelo\u2026 Les 5 infos mercato du 6 janvier \u00e0 la mi-journ\u00e9e\"\/>1:24Rosenior, Vinicius, Cancelo\u2026 Les 5 infos mercato du 6 janvier \u00e0 la mi-journ\u00e9e<\/a><a href=\"https:\/\/rmcsport.bfmtv.com\/football\/ligue-1\/video-ol-le-chemin-a-prendre-endrick-tres-heureux-de-rejoindre-lyon_VN-202601050593.html\" title=\"OL : &quot;Le chemin \u00e0 prendre&quot;, Endrick &quot;tr\u00e8s heureux&quot; de rejoindre Lyon\" target=\"_blank\" rel=\"noopener\"><img class=\"lozad\"  width=\"16\" height=\"9\" alt=\"OL : &quot;Le chemin \u00e0 prendre&quot;, Endrick &quot;tr\u00e8s heureux&quot; de rejoindre Lyon\"\/>1:40OL : \u00ab\u00a0Le chemin \u00e0 prendre\u00a0\u00bb, Endrick \u00ab\u00a0tr\u00e8s heureux\u00a0\u00bb de rejoindre Lyon<\/a><a href=\"https:\/\/rmcsport.bfmtv.com\/football\/transferts\/video-amorim-upamecano-guendouzi-les-5-infos-mercato-du-5-janvier-a-la-mi-journee_VN-202601050424.html\" title=\"Amorim, Upamecano, Guendouzi\u2026 Les 5 infos mercato du 5 janvier \u00e0 la mi-journ\u00e9e\" target=\"_blank\" rel=\"noopener\"><img class=\"lozad\"  width=\"16\" height=\"9\" alt=\"Amorim, Upamecano, Guendouzi\u2026 Les 5 infos mercato du 5 janvier \u00e0 la mi-journ\u00e9e\"\/>1:24Amorim, Upamecano, Guendouzi\u2026 Les 5 infos mercato du 5 janvier \u00e0 la mi-journ\u00e9e<\/a><a href=\"https:\/\/rmcsport.bfmtv.com\/football\/video-mercato-om-ils-doivent-avoir-faim-le-message-ferme-signe-de-zerbi-envers-bakola-et-vaz_VN-202601050341.html\" title=\"Mercato - OM : &quot;Ils doivent avoir faim\u2026&quot;, le message ferme sign\u00e9 De Zerbi envers Bakola et Vaz\" target=\"_blank\" rel=\"noopener\"><img class=\"lozad\"  width=\"16\" height=\"9\" alt=\"Mercato - OM : &quot;Ils doivent avoir faim\u2026&quot;, le message ferme sign\u00e9 De Zerbi envers Bakola et Vaz\"\/>1:21Mercato &#8211; OM : \u00ab\u00a0Ils doivent avoir faim\u2026\u00a0\u00bb, le message ferme sign\u00e9 De Zerbi envers Bakola et Vaz<\/a><a href=\"https:\/\/rmcsport.bfmtv.com\/football\/transferts\/video-cherif-kalimuendo-maamma-les-5-infos-mercato-du-3-janvier-a-la-mi-journee_VN-202601030178.html\" title=\"Ch\u00e9rif, Kalimuendo, Maamma\u2026 Les 5 infos mercato du 3 janvier \u00e0 la mi-journ\u00e9e\" target=\"_blank\" rel=\"noopener\"><img class=\"lozad\"  width=\"16\" height=\"9\" alt=\"Ch\u00e9rif, Kalimuendo, Maamma\u2026 Les 5 infos mercato du 3 janvier \u00e0 la mi-journ\u00e9e\"\/>1:21Ch\u00e9rif, Kalimuendo, Maamma\u2026 Les 5 infos mercato du 3 janvier \u00e0 la mi-journ\u00e9e<\/a><a class=\"jumpToVideo\" target=\"_blank\"><img class=\"thumbnailPreview\"\/><\/a><\/p>\n","protected":false},"excerpt":{"rendered":"Maignan, Tel, Carrick\u2026 Les 5 infos mercato du 12 janvier \u00e0 la mi-journ\u00e9e Sur le m\u00eame sujet0:58Mercato OM&hellip;\n","protected":false},"author":2,"featured_media":659461,"comment_status":"","ping_status":"","sticky":false,"template":"","format":"standard","meta":{"footnotes":""},"categories":[1410],"tags":[63,1011,27,60],"class_list":{"0":"post-659460","1":"post","2":"type-post","3":"status-publish","4":"format-standard","5":"has-post-thumbnail","7":"category-football","8":"tag-football","9":"tag-fr","10":"tag-france","11":"tag-sports"},"share_on_mastodon":{"url":"https:\/\/pubeurope.com\/@fr\/115884829130922936","error":""},"_links":{"self":[{"href":"https:\/\/www.europesays.com\/fr\/wp-json\/wp\/v2\/posts\/659460","targetHints":{"allow":["GET"]}}],"collection":[{"href":"https:\/\/www.europesays.com\/fr\/wp-json\/wp\/v2\/posts"}],"about":[{"href":"https:\/\/www.europesays.com\/fr\/wp-json\/wp\/v2\/types\/post"}],"author":[{"embeddable":true,"href":"https:\/\/www.europesays.com\/fr\/wp-json\/wp\/v2\/users\/2"}],"replies":[{"embeddable":true,"href":"https:\/\/www.europesays.com\/fr\/wp-json\/wp\/v2\/comments?post=659460"}],"version-history":[{"count":0,"href":"https:\/\/www.europesays.com\/fr\/wp-json\/wp\/v2\/posts\/659460\/revisions"}],"wp:featuredmedia":[{"embeddable":true,"href":"https:\/\/www.europesays.com\/fr\/wp-json\/wp\/v2\/media\/659461"}],"wp:attachment":[{"href":"https:\/\/www.europesays.com\/fr\/wp-json\/wp\/v2\/media?parent=659460"}],"wp:term":[{"taxonomy":"category","embeddable":true,"href":"https:\/\/www.europesays.com\/fr\/wp-json\/wp\/v2\/categories?post=659460"},{"taxonomy":"post_tag","embeddable":true,"href":"https:\/\/www.europesays.com\/fr\/wp-json\/wp\/v2\/tags?post=659460"}],"curies":[{"name":"wp","href":"https:\/\/api.w.org\/{rel}","templated":true}]}}