{"id":659462,"date":"2026-01-12T23:55:10","date_gmt":"2026-01-12T23:55:10","guid":{"rendered":"https:\/\/www.europesays.com\/fr\/659462\/"},"modified":"2026-01-12T23:55:10","modified_gmt":"2026-01-12T23:55:10","slug":"georges-et-amal-clooney-aux-golden-globes-face-a-son-epouse-divine-en-rouge-lacteur-ironise-sur-sa-nationalite-francaise-purepeople","status":"publish","type":"post","link":"https:\/\/www.europesays.com\/fr\/659462\/","title":{"rendered":"Georges et Amal Clooney aux Golden Globes : face \u00e0 son \u00e9pouse, divine en rouge, l&#039;acteur ironise sur sa nationalit\u00e9 fran\u00e7aise &#8211; Purepeople"},"content":{"rendered":"<ol>\n<li><a href=\"https:\/\/news.google.com\/rss\/articles\/CBMi-AFBVV95cUxQYk9pREtKbFZVVkV4OEc0OU5MQ0ljMkt4ZXZYbE10U3haWEhpcE5zNFdseFd1bDA4eGRnVWNPWGpuc0RGWktJU0J0WGVJdHFHVnBEekJLSGNGOFhhU1VOV0NXX29GTlA4aVdYNHluWjZUa1lfcEQ4c08xMnZ1bFNkc2h3eU1XUzJpNUZ4MW1QX1lXWkp2TG5MUVJkRFZleWZRSlhvV1o4UEhCaHpPcE9LU01jRmM2eDktaF9vX0JsRGdZWDk0eHptb0FOX0xic2l2REpMcFRRb0hDU1k0d05FOVpseVBuWEhVaENXQ1FwTU9ReWI3WERrRg?oc=5\" target=\"_blank\" rel=\"noopener\">Georges et Amal Clooney aux Golden Globes : face \u00e0 son \u00e9pouse, divine en rouge, l&rsquo;acteur ironise sur sa nationalit\u00e9 fran\u00e7aise<\/a>&nbsp;&nbsp;Purepeople<\/li>\n<li><a href=\"https:\/\/news.google.com\/rss\/articles\/CBMi7wFBVV95cUxPS2lzLXdjdGNuQ3U1MlUzT2NNdmhvRHRNMERLUXhuZmxtanFTZllxWWZkS1U1SUZ6a2FBcGR5cUtLT1liTzZEVDI4THR2LUZPVG05QW5NaFFmNTg0MlZKbGZaWGVWci12TjZtSmxYQmE5b3Y0Zjd3VlpCcm45S013cGY0WkZ4QU5NNXJPMndBUEw4d1BnTjUwRGtRdllhdUF4b0FxX3BIZHhqaXdNRnl0NXRxcWNZNDVaaDRQS3N6OWZMWmVOdFVGMzdpa2FOalFVaHZiV290cU90X25yeFpmMnpDRW1FVERVUkFMemx6OA?oc=5\" target=\"_blank\" rel=\"noopener\">\u00ab\u00a0Bonsoir, mes amis\u00a0\u00bb: George Clooney prend la parole en fran\u00e7ais aux Golden Globes apr\u00e8s sa naturalisation<\/a>&nbsp;&nbsp;BFM<\/li>\n<li><a href=\"https:\/\/news.google.com\/rss\/articles\/CBMiywFBVV95cUxPVW1pMm5DLU5kZl9Gd2JRbVpnd0J5ZWY5aHE1MDdzQUdPV0VxeDJvclFvbl9sZjZ2Q0ZVdVhsQXNwQWRrc191YzZoSzNLSnB1cWRTcGd3TjVXaDgxd2x3bEU0SzRIbFZ4WEtpQ2kxaHpCR25DODZLMzN1WnJ3VEZwNjVKWjZyY1hqT3FOMVQ5Vkx5OFJLekpIQlA3R0ZtY2FFUFVFU1RHV2toaVVfZ0dCbEktYzZjRFpjYkNKYU5OTjlORDlPaUNkSFhiQQ?oc=5\" target=\"_blank\" rel=\"noopener\">EXCLU. George Clooney fait de tendres confidences sur ses enfants et la France : \u00ab\u00a0Chez vous, mes&#8230;\u00a0\u00bb<\/a>&nbsp;&nbsp;Closer<\/li>\n<li><a href=\"https:\/\/news.google.com\/rss\/articles\/CBMi1gFBVV95cUxNOHZrMFl3OUU2Rkg4bDUwVTdiLW5Pbzg1YXNjUEpSLThVNHVXTUdVTFp2eDRrd1BSODB3dHFhYUQzdkljQUx2czZHVGdDaDloRjJhYlpSQVZINWFHZlloZzVwMThJcXk4RHRfWTUtLVdOeU85akFZWW9aMDR2V2laejNvR3NXVEQxLVQ0ZjFFcEFoM0tIOUgwOFlETDRYYVR1WEFRSHFDYnJwLTBQVV94VDc3elpfcWdIcTYyTVdoc2kzYnZDVzNlYXB5OHVMeXIwdmtLSjZR?oc=5\" target=\"_blank\" rel=\"noopener\">\u00abBonsoir mes amis&#8230;\u00bb : George Clooney ouvre son discours des Golden Globes en fran\u00e7ais<\/a>&nbsp;&nbsp;Madame Figaro<\/li>\n<li><a href=\"https:\/\/news.google.com\/rss\/articles\/CBMi2AFBVV95cUxPNHl5b0pJaVZYRlVpeXRmNzZEd2c0S0szNUxyZUlqaXdua3lhZy1ERGo3cE15YVo2QmZlM3hMVm1TZ1B1dFFBTzNqNVRlRDlPYVJLR0IxYW1uVkNNZkhTQVhPWExnUnNNc1lSVW1tMzlXVGNDQmNCUG95UklFTXp4Y3NtUW0yNGNYb2tMWWhwMlFXMHlvd0dRNmx2QmVQeURENktlTURVNzZuaF9wY1NncW9WeE83My1IYTh0NUUxMmJ5WE8wd09lMXd0T1hRS0VQQlBubXpmRlA?oc=5\" target=\"_blank\" rel=\"noopener\">George Clooney naturalis\u00e9 : ses jumeaux Alexander et Ella sont-ils eux aussi devenus fran\u00e7ais ?<\/a>&nbsp;&nbsp;Gala<\/li>\n<\/ol>\n","protected":false},"excerpt":{"rendered":"Georges et Amal Clooney aux Golden Globes : face \u00e0 son \u00e9pouse, divine en rouge, l&rsquo;acteur ironise sur&hellip;\n","protected":false},"author":2,"featured_media":395849,"comment_status":"","ping_status":"","sticky":false,"template":"","format":"standard","meta":{"footnotes":""},"categories":[1359],"tags":[58,59,1011,27,973],"class_list":{"0":"post-659462","1":"post","2":"type-post","3":"status-publish","4":"format-standard","5":"has-post-thumbnail","7":"category-people","8":"tag-divertissement","9":"tag-entertainment","10":"tag-fr","11":"tag-france","12":"tag-people"},"share_on_mastodon":{"url":"https:\/\/pubeurope.com\/@fr\/115884833453329122","error":""},"_links":{"self":[{"href":"https:\/\/www.europesays.com\/fr\/wp-json\/wp\/v2\/posts\/659462","targetHints":{"allow":["GET"]}}],"collection":[{"href":"https:\/\/www.europesays.com\/fr\/wp-json\/wp\/v2\/posts"}],"about":[{"href":"https:\/\/www.europesays.com\/fr\/wp-json\/wp\/v2\/types\/post"}],"author":[{"embeddable":true,"href":"https:\/\/www.europesays.com\/fr\/wp-json\/wp\/v2\/users\/2"}],"replies":[{"embeddable":true,"href":"https:\/\/www.europesays.com\/fr\/wp-json\/wp\/v2\/comments?post=659462"}],"version-history":[{"count":0,"href":"https:\/\/www.europesays.com\/fr\/wp-json\/wp\/v2\/posts\/659462\/revisions"}],"wp:featuredmedia":[{"embeddable":true,"href":"https:\/\/www.europesays.com\/fr\/wp-json\/wp\/v2\/media\/395849"}],"wp:attachment":[{"href":"https:\/\/www.europesays.com\/fr\/wp-json\/wp\/v2\/media?parent=659462"}],"wp:term":[{"taxonomy":"category","embeddable":true,"href":"https:\/\/www.europesays.com\/fr\/wp-json\/wp\/v2\/categories?post=659462"},{"taxonomy":"post_tag","embeddable":true,"href":"https:\/\/www.europesays.com\/fr\/wp-json\/wp\/v2\/tags?post=659462"}],"curies":[{"name":"wp","href":"https:\/\/api.w.org\/{rel}","templated":true}]}}