{"id":659471,"date":"2026-01-13T00:02:14","date_gmt":"2026-01-13T00:02:14","guid":{"rendered":"https:\/\/www.europesays.com\/fr\/659471\/"},"modified":"2026-01-13T00:02:14","modified_gmt":"2026-01-13T00:02:14","slug":"victor-martins-rejoint-alpine-pour-la-saison-wec-2026","status":"publish","type":"post","link":"https:\/\/www.europesays.com\/fr\/659471\/","title":{"rendered":"Victor Martins rejoint Alpine pour la saison WEC 2026"},"content":{"rendered":"<p>L&rsquo;Alpine Endurance Team a annonc\u00e9 ce lundi l&rsquo;arriv\u00e9e de Victor Martins au sein de son effectif pour la saison 2026 du WEC. Le pilote fran\u00e7ais rejoint ainsi <a href=\"https:\/\/fr.motorsport.com\/driver\/antonio-felix-da-costa\/89104\/\" target=\"_blank\" rel=\"noopener\">Ant\u00f3nio F\u00e9lix da Costa<\/a>, officiellement confirm\u00e9 \u00e0 la fin de la saison 2025. Les deux hommes succ\u00e8dent \u00e0 <a href=\"https:\/\/fr.motorsport.com\/driver\/mick-schumacher\/96539\/\" target=\"_blank\" rel=\"noopener\">Mick Schumacher<\/a>, parti tenter l&rsquo;aventure en IndyCar, ainsi qu&rsquo;\u00e0 <a href=\"https:\/\/fr.motorsport.com\/driver\/paul-loup-chatin\/94840\/\" target=\"_blank\" rel=\"noopener\">Paul-Loup Chatin<\/a>, d\u00e9sormais engag\u00e9 dans le projet <a href=\"https:\/\/fr.motorsport.com\/team\/genesis-magma-racing\/48325\/\" target=\"_blank\" rel=\"noopener\">Genesis Magma Racing<\/a>.<\/p>\n<p>Les pilotes d\u00e9j\u00e0 pr\u00e9sents au sein de l&rsquo;\u00e9quipe la saison derni\u00e8re, \u00e0 savoir\u00a0<a href=\"https:\/\/fr.motorsport.com\/driver\/charles-milesi\/823203\/\" target=\"_blank\" rel=\"noopener\">Charles Milesi<\/a>, <a href=\"https:\/\/fr.motorsport.com\/driver\/ferdinand-habsburg\/291042\/\" target=\"_blank\" rel=\"noopener\">Ferdinand Habsburg<\/a>, <a href=\"https:\/\/fr.motorsport.com\/driver\/frederic-makowiecki\/84318\/\" target=\"_blank\" rel=\"noopener\">Fr\u00e9d\u00e9ric Makowiecki<\/a> et <a href=\"https:\/\/fr.motorsport.com\/driver\/jules-gounon\/443141\/\" target=\"_blank\" rel=\"noopener\">Jules Gounon<\/a>,\u00a0devraient logiquement compl\u00e9ter l&rsquo;effectif 2026 de la structure fran\u00e7aise. Aucune confirmation officielle n&rsquo;a toutefois encore \u00e9t\u00e9 communiqu\u00e9e \u00e0 leur sujet.<\/p>\n<p>\u00a0<\/p>\n<p>Les derni\u00e8res ann\u00e9es de la carri\u00e8re de Victor Martins n&rsquo;ont pas \u00e9t\u00e9 un fleuve tranquille. Vice-champion de F4 France en 2017, champion de\u00a0FRECA en 2020 puis de Formule 3 en 2022, l&rsquo;avenir du jeune talent fran\u00e7ais semblait alors parfaitement trac\u00e9. Son arriv\u00e9e en Formule 2 en 2023 n&rsquo;a fait que confirmer ce statut\u00a0: rapidement aux\u00a0avant-postes, Martins a conclu sa saison de rookie \u00e0 une solide cinqui\u00e8me place, devan\u00e7ant notamment Oliver Bearman et sa Prema, eux aussi d\u00e9butants.<\/p>\n<p>La suite s&rsquo;est toutefois r\u00e9v\u00e9l\u00e9e bien plus compliqu\u00e9e. En 2024, l&rsquo;introduction du nouveau ch\u00e2ssis de F2 est mal assimil\u00e9e par ART Grand Prix et les difficult\u00e9s s&rsquo;encha\u00eenent. Tentant d&rsquo;extraire le maximum d&rsquo;une monoplace peu performante, Martins signe quelques fulgurances, mais la malchance semble s&rsquo;acharner : abandons, accrochages et probl\u00e8mes m\u00e9caniques rythment deux saisons frustrantes, sans lui permettre de jouer r\u00e9guli\u00e8rement les premiers r\u00f4les.<\/p>\n<p>Membre \u00e0 l&rsquo;origine de l&rsquo;Alpine Academy en Formule 1, Victor Martins quitte finalement le giron du constructeur fran\u00e7ais au cours de l&rsquo;ann\u00e9e 2024, faute de perspectives concr\u00e8tes en Formule 1. Il rejoint ensuite la Williams Driver\u00a0Academy, ce qui lui permet de participer \u00e0 une s\u00e9ance d&rsquo;essais libres lors du Grand Prix d&rsquo;Espagne 2025.<\/p>\n<p>Parall\u00e8lement, Martins s&rsquo;ouvre \u00e0 l&rsquo;endurance et a l&rsquo;occasion de tester le prototype <a href=\"https:\/\/fr.motorsport.com\/team\/alpine\/37490\/\" target=\"_blank\" rel=\"noopener\">Alpine<\/a> lors du Rookie test de fin de saison 2025 \u00e0 Bahre\u00efn. Une premi\u00e8re prise de contact tr\u00e8s convaincante, conclue en t\u00eate de la s\u00e9ance matinale, puis \u00e0 la troisi\u00e8me place au classement rookie de la journ\u00e9e.<\/p>\n<p>   <img decoding=\"async\" draggable=\"false\" src=\"https:\/\/www.europesays.com\/fr\/wp-content\/uploads\/2026\/01\/theo-pourchaire-peugeot-totale.jpg\" alt=\"Victor Martins avec Th\u00e9o Pourchaire, Arthur Leclerc et Frederik Vesti lors des tests rookies de Bahre\u00efn en 2025.\" width=\"1200\" height=\"800\" loading=\"lazy\"\/> <\/p>\n<p class=\"title\">Victor Martins avec Th\u00e9o Pourchaire, Arthur Leclerc et Frederik Vesti lors des tests rookies de Bahre\u00efn en 2025.<\/p>\n<p class=\"photographer\">Photo de: Alpine<\/p>\n<p>\u00ab\u00a0Rejoindre l&rsquo;Alpine Endurance Team en championnat du monde d&rsquo;endurance est une \u00e9tape importante de ma carri\u00e8re et une responsabilit\u00e9 que je prends tr\u00e8s au s\u00e9rieux\u00a0\u00bb, a comment\u00e9 Victor Martins. \u00ab\u00a0Alpine est une marque au riche h\u00e9ritage sportif, avec des ambitions claires au plus haut niveau de la course d&rsquo;endurance.\u00a0\u00bb<\/p>\n<p>\u00ab\u00a0Disputer mes premi\u00e8res 24 Heures du Mans avec cette \u00e9quipe constitue une immense motivation, et j&rsquo;ai h\u00e2te de travailler \u00e9troitement avec chacun afin d&rsquo;am\u00e9liorer la performance, de construire de la r\u00e9gularit\u00e9 et de contribuer au succ\u00e8s \u00e0 long terme du programme.\u00a0\u00bb<\/p>\n<p>\u00ab\u00a0Nous sommes \u00e9videmment tr\u00e8s heureux de cette collaboration, qui repr\u00e9sente une opportunit\u00e9 forte et enthousiasmante pour le projet\u00a0\u00bb, a rench\u00e9ri le directeur de l&rsquo;\u00e9quipe Alpine, Philippe Sinault. \u00ab\u00a0Victor nous apportera sa vitesse naturelle, mais aussi son exp\u00e9rience au plus haut niveau et sa compr\u00e9hension technique, autant d&rsquo;atouts qui nous permettront de continuer \u00e0 progresser collectivement.\u00a0\u00bb<\/p>\n<p>\u00ab\u00a0Depuis que Victor a particip\u00e9 au Rookie Test 2024 avec l&rsquo;A424, un d\u00e9sir mutuel de travailler ensemble s&rsquo;est clairement manifest\u00e9. Nous partageons le m\u00eame \u00e9tat d&rsquo;esprit et la m\u00eame approche, et je ne doute pas que son int\u00e9gration au sein de l&rsquo;\u00e9quipe sera rapide et qu&rsquo;il pourra tr\u00e8s vite contribuer \u00e0 l&rsquo;am\u00e9lioration de notre performance globale.\u00a0\u00bb<\/p>\n<p>Lire aussi :<\/p>\n<p>            Votre avis nous int\u00e9resse !<\/p>\n<p class=\"mt-auto\">Qu&rsquo;aimeriez-vous voir sur Motorsport.com ?<\/p>\n<p>            <a href=\"#\" class=\"ms-link text-link font-bold\">R\u00e9pondez \u00e0 notre enqu\u00eate en 5 minutes.<\/a><\/p>\n<p class=\"mt-1 text-body\">&#8211; L&rsquo;\u00e9quipe Motorsport.com<\/p>\n","protected":false},"excerpt":{"rendered":"L&rsquo;Alpine Endurance Team a annonc\u00e9 ce lundi l&rsquo;arriv\u00e9e de Victor Martins au sein de son effectif pour la&hellip;\n","protected":false},"author":2,"featured_media":659472,"comment_status":"","ping_status":"","sticky":false,"template":"","format":"standard","meta":{"footnotes":""},"categories":[9],"tags":[2674,1011,27,60,25670,76136,12993],"class_list":{"0":"post-659471","1":"post","2":"type-post","3":"status-publish","4":"format-standard","5":"has-post-thumbnail","7":"category-sports","8":"tag-alpine","9":"tag-fr","10":"tag-france","11":"tag-sports","12":"tag-victor-martins","13":"tag-victor-martins-rejoint-alpine-pour-la-saison-wec-2026","14":"tag-wec"},"share_on_mastodon":{"url":"https:\/\/pubeurope.com\/@fr\/115884860792518771","error":""},"_links":{"self":[{"href":"https:\/\/www.europesays.com\/fr\/wp-json\/wp\/v2\/posts\/659471","targetHints":{"allow":["GET"]}}],"collection":[{"href":"https:\/\/www.europesays.com\/fr\/wp-json\/wp\/v2\/posts"}],"about":[{"href":"https:\/\/www.europesays.com\/fr\/wp-json\/wp\/v2\/types\/post"}],"author":[{"embeddable":true,"href":"https:\/\/www.europesays.com\/fr\/wp-json\/wp\/v2\/users\/2"}],"replies":[{"embeddable":true,"href":"https:\/\/www.europesays.com\/fr\/wp-json\/wp\/v2\/comments?post=659471"}],"version-history":[{"count":0,"href":"https:\/\/www.europesays.com\/fr\/wp-json\/wp\/v2\/posts\/659471\/revisions"}],"wp:featuredmedia":[{"embeddable":true,"href":"https:\/\/www.europesays.com\/fr\/wp-json\/wp\/v2\/media\/659472"}],"wp:attachment":[{"href":"https:\/\/www.europesays.com\/fr\/wp-json\/wp\/v2\/media?parent=659471"}],"wp:term":[{"taxonomy":"category","embeddable":true,"href":"https:\/\/www.europesays.com\/fr\/wp-json\/wp\/v2\/categories?post=659471"},{"taxonomy":"post_tag","embeddable":true,"href":"https:\/\/www.europesays.com\/fr\/wp-json\/wp\/v2\/tags?post=659471"}],"curies":[{"name":"wp","href":"https:\/\/api.w.org\/{rel}","templated":true}]}}