{"id":659473,"date":"2026-01-13T00:03:13","date_gmt":"2026-01-13T00:03:13","guid":{"rendered":"https:\/\/www.europesays.com\/fr\/659473\/"},"modified":"2026-01-13T00:03:13","modified_gmt":"2026-01-13T00:03:13","slug":"jean-luc-reichmann-fait-ses-adieux-en-direct-on-se-connait-depuis-1989","status":"publish","type":"post","link":"https:\/\/www.europesays.com\/fr\/659473\/","title":{"rendered":"Jean-Luc Reichmann fait ses adieux en direct \u00ab\u00a0On se conna\u00eet depuis 1989\u00a0\u00bb"},"content":{"rendered":"<p>Ce mardi, <strong>Jean-Luc Reichmann<\/strong> a dit au revoir<br \/>\naux 12 Coups de midi, apr\u00e8s avoir anim\u00e9 l\u2019\u00e9mission pendant<br \/>\nplus de trente ans. \u00c9mu, il a \u00e9voqu\u00e9 sa carri\u00e8re d\u00e9but\u00e9e en 1989 et<br \/>\nla relation unique qu\u2019il entretient avec les t\u00e9l\u00e9spectateurs et les<br \/>\ncandidats. Dans un moment charg\u00e9 de nostalgie, il a partag\u00e9<br \/>\nanecdotes et souvenirs, rendant hommage \u00e0 toutes ces ann\u00e9es de<br \/>\nrires, de surprises et de d\u00e9fis. Son d\u00e9part marque la fin d\u2019une \u00e8re<br \/>\npour les <strong>amateurs du jeu t\u00e9l\u00e9vis\u00e9<\/strong>, mais laisse une<br \/>\nempreinte ind\u00e9l\u00e9bile dans le c\u0153ur des fans.<\/p>\n<p>Les adieux \u00e9mouvants de Jean-Luc Reichmann<br \/>\nUne journ\u00e9e charg\u00e9e en \u00e9motion<\/p>\n<p>Mercredi 7 janvier, <a href=\"https:\/\/www.pleinevie.fr\/loisirs\/tele-radio\/les-12-coups-de-midi-a-22-ans-cyprien-vient-de-franchir-ce-cap-secret-du-jeu-que-vous-navez-sans-doute-pas-vu-passer-184644.html\" target=\"_blank\" rel=\"noopener\">Les 12 coups de midi<\/a> a<br \/>\npris un ton inhabituel, charg\u00e9 de nostalgie et d\u2019\u00e9motion. Jean-Luc<br \/>\nReichmann a salu\u00e9 l\u2019une de ses plus anciennes collaboratrices,<br \/>\nH\u00e9l\u00e8ne, cadreuse depuis 1989. Devant les candidats et le public, il<br \/>\na rappel\u00e9 leur premi\u00e8re rencontre sur la s\u00e9rie Tribunal,<br \/>\n\u00e9voquant plus de trois d\u00e9cennies de complicit\u00e9 professionnelle.<br \/>\nL\u2019animateur n\u2019a pas cach\u00e9 sa tristesse et sa reconnaissance,<br \/>\ntransformant ce num\u00e9ro habituel en un moment de partage et<br \/>\nd\u2019hommage touchant pour le public et les t\u00e9l\u00e9spectateurs<br \/>\nfid\u00e8les.<\/p>\n<p>L\u2019hommage \u00e0 H\u00e9l\u00e8ne<\/p>\n<p>Pour marquer l\u2019occasion, Jean-Luc Reichmann a offert un<br \/>\n<strong>immense bouquet de fleurs<\/strong> et plusieurs cadeaux \u00e0<br \/>\nH\u00e9l\u00e8ne, visiblement \u00e9mue. \u00ab C\u2019est ma cadreuse depuis des ann\u00e9es<br \/>\n\u00bb, a-t-il pr\u00e9cis\u00e9, soulignant la place centrale qu\u2019elle a<br \/>\noccup\u00e9e dans sa carri\u00e8re. Les larmes aux yeux, il a exprim\u00e9 sa<br \/>\ngratitude et son affection : \u00ab On t\u2019aime H\u00e9l\u00e8ne ! Merci !<br \/>\n\u00bb Cette sc\u00e8ne a touch\u00e9 candidats et spectateurs, montrant la<br \/>\nprofondeur des <strong>liens cr\u00e9\u00e9s derri\u00e8re la cam\u00e9ra<\/strong>,<br \/>\nsouvent invisibles pour le public, mais essentiels \u00e0 la r\u00e9ussite et<br \/>\n\u00e0 la convivialit\u00e9 de l\u2019\u00e9mission.<\/p>\n<p>Un moment unique pour les t\u00e9l\u00e9spectateurs<\/p>\n<p>D&rsquo;apr\u00e8s <a href=\"https:\/\/www.diverto.tv\/actualites\/tele\/les-12-coups-de-midi-on-se-connait-depuis-1989-a-qui-jean-luc-reichmann-a-t-il-fait-ses-adieux-ce-mercredi-7-janvier\" target=\"_blank\" rel=\"noopener\">Diverto<\/a>, ce num\u00e9ro<br \/>\nexceptionnel a permis aux t\u00e9l\u00e9spectateurs de d\u00e9couvrir l\u2019envers du<br \/>\nd\u00e9cor et la proximit\u00e9 entre Jean-Luc Reichmann et son \u00e9quipe.<br \/>\nL\u2019\u00e9motion partag\u00e9e renforce le lien entre l\u2019animateur et son<br \/>\npublic, habitu\u00e9 \u00e0 sa bonne humeur mais rarement t\u00e9moin de tels<br \/>\nadieux. Les \u00e9changes chaleureux avec H\u00e9l\u00e8ne et les anecdotes sur<br \/>\nleur longue collaboration offrent une perspective rare sur le<br \/>\ntravail en coulisses. Ce moment rend la t\u00e9l\u00e9vision plus humaine et<br \/>\nsouligne l\u2019importance des \u00e9quipes techniques dans le succ\u00e8s durable<br \/>\nd\u2019une \u00e9mission quotidienne.<\/p>\n<p>Victoire et nouveaux indices<br \/>\nCyprien signe une nouvelle victoire<\/p>\n<p>Apr\u00e8s l\u2019hommage, <strong>l\u2019attention est revenue au jeu<\/strong><br \/>\navec <a href=\"https:\/\/www.pleinevie.fr\/loisirs\/tele-radio\/les-12-coups-de-midi-ce-cap-cle-franchi-par-cyprien-chamboule-le-classement-des-maitres-de-midi-183887.html\" target=\"_blank\" rel=\"noopener\">Cyprien<\/a>, le champion actuel. Il<br \/>\na remport\u00e9 sa 109e victoire et ajout\u00e9 3 000 euros \u00e0 sa cagnotte,<br \/>\nqui atteint d\u00e9sormais 506 119 euros. Cette performance d\u00e9montre sa<br \/>\nr\u00e9gularit\u00e9 et son habilet\u00e9 \u00e0 rester concentr\u00e9 malgr\u00e9 les \u00e9v\u00e9nements<br \/>\nmarquants de la journ\u00e9e. La victoire de Cyprien rappelle que, m\u00eame<br \/>\nlors de <strong>moments \u00e9mouvants<\/strong>, la comp\u00e9tition continue<br \/>\net que le talent des candidats reste au c\u0153ur des 12 Coups de<br \/>\nmidi, captivant les t\u00e9l\u00e9spectateurs assidus de l\u2019\u00e9mission.<\/p>\n<p>Nouvel indice pour l\u2019\u00e9toile myst\u00e9rieuse<\/p>\n<p>Le suspense autour de <strong>l\u2019\u00e9toile myst\u00e9rieuse<\/strong><br \/>\ncontinue. Un nouvel <a href=\"https:\/\/www.pleinevie.fr\/loisirs\/tele-radio\/les-12-coups-de-midi-lelimination-de-cyprien-prevue-pour-bientot-voici-la-date-annoncee-179476.html\" target=\"_blank\" rel=\"noopener\">indice<\/a> est apparu : un<br \/>\nerlenmeyer, rejoignant la photo du d\u00e9sert d\u2019Oman et l\u2019avion de<br \/>\nchasse d\u00e9j\u00e0 visibles. Ces \u00e9l\u00e9ments stimulent la r\u00e9flexion des<br \/>\ncandidats et des t\u00e9l\u00e9spectateurs, ajoutant une dimension intrigante<br \/>\n\u00e0 l\u2019\u00e9mission. Cyprien a tent\u00e9 de deviner Harrison Ford, en lien<br \/>\navec Star Wars, mais la r\u00e9ponse n\u2019\u00e9tait pas correcte.<br \/>\n<strong>L\u2019apparition de cet indice<\/strong> montre que la partie<br \/>\nscientifique et culturelle du jeu reste complexe et captivante,<br \/>\nrenfor\u00e7ant l\u2019int\u00e9r\u00eat pour la r\u00e9solution progressive de<br \/>\nl\u2019\u00e9nigme.<\/p>\n<p>Entre \u00e9motion et jeu<\/p>\n<p>Mercredi 7 janvier restera un \u00e9pisode m\u00e9morable pour Les 12<br \/>\ncoups de midi, m\u00ealant \u00e9motion et comp\u00e9tition. Les<br \/>\n<strong>adieux d&rsquo;H\u00e9l\u00e8ne<\/strong> et <strong>la performance de<br \/>\nCyprien<\/strong> montrent la richesse de l\u2019\u00e9mission, o\u00f9 les<br \/>\nrelations humaines et le suspense du jeu cohabitent<br \/>\nharmonieusement. Les t\u00e9l\u00e9spectateurs ont pu partager un moment<br \/>\nrare, \u00e0 la fois touchant et ludique. Cette combinaison d\u2019humanit\u00e9<br \/>\net de challenge explique <strong>le succ\u00e8s durable de<br \/>\nl\u2019\u00e9mission<\/strong> et la fid\u00e9lit\u00e9 du public, tout en soulignant<br \/>\nl\u2019importance des \u00e9quipes techniques derri\u00e8re chaque victoire et<br \/>\nchaque instant d\u2019\u00e9motion.<\/p>\n","protected":false},"excerpt":{"rendered":"Ce mardi, Jean-Luc Reichmann a dit au revoir aux 12 Coups de midi, apr\u00e8s avoir anim\u00e9 l\u2019\u00e9mission pendant&hellip;\n","protected":false},"author":2,"featured_media":659474,"comment_status":"","ping_status":"","sticky":false,"template":"","format":"standard","meta":{"footnotes":""},"categories":[8],"tags":[6888,41867,42895,39876,854,1805,394,814,58,3026,59,21,1011,27,13392,151,12254,11961,5241,76137,16283,2407],"class_list":{"0":"post-659473","1":"post","2":"type-post","3":"status-publish","4":"format-standard","5":"has-post-thumbnail","7":"category-divertissement","8":"tag-6888","9":"tag-41867","10":"tag-adieux","11":"tag-connait","12":"tag-coups","13":"tag-de","14":"tag-depuis","15":"tag-direct","16":"tag-divertissement","17":"tag-en","18":"tag-entertainment","19":"tag-fait","20":"tag-fr","21":"tag-france","22":"tag-jean","23":"tag-les","24":"tag-luc","25":"tag-midi","26":"tag-on","27":"tag-reichmann","28":"tag-se","29":"tag-ses"},"share_on_mastodon":{"url":"https:\/\/pubeurope.com\/@fr\/115884864562836201","error":""},"_links":{"self":[{"href":"https:\/\/www.europesays.com\/fr\/wp-json\/wp\/v2\/posts\/659473","targetHints":{"allow":["GET"]}}],"collection":[{"href":"https:\/\/www.europesays.com\/fr\/wp-json\/wp\/v2\/posts"}],"about":[{"href":"https:\/\/www.europesays.com\/fr\/wp-json\/wp\/v2\/types\/post"}],"author":[{"embeddable":true,"href":"https:\/\/www.europesays.com\/fr\/wp-json\/wp\/v2\/users\/2"}],"replies":[{"embeddable":true,"href":"https:\/\/www.europesays.com\/fr\/wp-json\/wp\/v2\/comments?post=659473"}],"version-history":[{"count":0,"href":"https:\/\/www.europesays.com\/fr\/wp-json\/wp\/v2\/posts\/659473\/revisions"}],"wp:featuredmedia":[{"embeddable":true,"href":"https:\/\/www.europesays.com\/fr\/wp-json\/wp\/v2\/media\/659474"}],"wp:attachment":[{"href":"https:\/\/www.europesays.com\/fr\/wp-json\/wp\/v2\/media?parent=659473"}],"wp:term":[{"taxonomy":"category","embeddable":true,"href":"https:\/\/www.europesays.com\/fr\/wp-json\/wp\/v2\/categories?post=659473"},{"taxonomy":"post_tag","embeddable":true,"href":"https:\/\/www.europesays.com\/fr\/wp-json\/wp\/v2\/tags?post=659473"}],"curies":[{"name":"wp","href":"https:\/\/api.w.org\/{rel}","templated":true}]}}