{"id":659479,"date":"2026-01-13T00:06:19","date_gmt":"2026-01-13T00:06:19","guid":{"rendered":"https:\/\/www.europesays.com\/fr\/659479\/"},"modified":"2026-01-13T00:06:19","modified_gmt":"2026-01-13T00:06:19","slug":"grenoble-clermont-ferrand-villeurbanne-ces-villes-ou-linsecurite-a-le-plus-progresse-depuis-2020","status":"publish","type":"post","link":"https:\/\/www.europesays.com\/fr\/659479\/","title":{"rendered":"Grenoble, Clermont-Ferrand, Villeurbanne&#8230; Ces villes o\u00f9 l\u2019ins\u00e9curit\u00e9 a le plus progress\u00e9 depuis 2020"},"content":{"rendered":"<p data-module=\"standfirst\" data-context=\"@media (min-width:48em)\">\n    <strong>MUNICIPALES 2026 1\/5<\/strong> &#8211; Cambriolages, vols, agressions\u2026 Le Figaro a mesur\u00e9 l\u2019\u00e9volution de l\u2019ins\u00e9curit\u00e9 dans les communes de plus de 25.000 habitants au cours du dernier mandat. Fr\u00e9d\u00e9ric Dabi, directeur g\u00e9n\u00e9ral de l\u2019Ifop, nous livre son analyse \u00e0 partir de nos r\u00e9sultats.<\/p>\n<p class=\"fig-paragraph fig-paragraph--dropped\">\u00abApr\u00e8s avoir v\u00e9cu dans plusieurs grandes villes, c\u2019est de loin celle o\u00f9 je me suis senti le moins en s\u00e9curit\u00e9\u00bb,\u00a0\u00bb, \u00ab Pour rien au monde je n\u2019y retournerai\u00a0\u00bb. Sur certains\u2026<\/p>\n<p class=\"fig-premium-paywall__infos\">\n        Cet article est r\u00e9serv\u00e9 aux abonn\u00e9s.        Il vous reste 99% \u00e0 d\u00e9couvrir.\n    <\/p>\n<p>                <img  data- alt=\"Le Figaro\" class=\"fig-img--complete fig-img\"\/><\/p>\n<p class=\"fig-premium-paywall__title\">Le Figaro c\u00e9l\u00e8bre ses 200 ans<\/p>\n<p class=\"fig-premium-paywall__subtitle\">Offre anniversaire : 2\u20ac\/mois pendant 200 semaines<\/p>\n<p class=\"fig-premium-paywall__connect\">\n                D\u00e9j\u00e0 abonn\u00e9\u00a0?                <a class=\"fig-premium-paywall__connect-link\" href=\"https:\/\/connect.lefigaro.fr\/login?client=horizon_web&amp;type=main&amp;redirect_uri=https%3A%2F%2Fwww.lefigaro.fr%2Factualite-france%2Fpour-rien-au-monde-je-n-y-retournerai-grenoble-clermont-ferrand-cannes-ces-villes-ou-l-insecurite-a-le-plus-progresse-depuis-2020-20260112\" data-js-gtm=\"{&quot;customCategorie&quot;: &quot;conversion&quot;, &quot;customAction&quot;: &quot;before_Landing_Connexion_paywall_manuel&quot;, &quot;customLabel&quot;: &quot;bGVmaWdhcm8uZnJfXzFmMGRiMmZmLThmOTEtNjM4ZS04NDdlLWY5NDE1NTEwNDNiYV9fQXJ0aWNsZQ==_\u00abPour rien au monde je n\u2019y retournerai\u00bb\u00a0: Grenoble, Clermont-Ferrand, Villeurbanne... Ces villes o\u00f9 l\u2019ins\u00e9curit\u00e9 a le plus progress\u00e9 depuis 2020_176&quot;, &quot;customIDSPE&quot;: &quot;bGVmaWdhcm8uZnJfXzFmMGRiMmZmLThmOTEtNjM4ZS04NDdlLWY5NDE1NTEwNDNiYV9fQXJ0aWNsZQ==&quot;, &quot;event&quot;: &quot;customEventSPE&quot;}\" target=\"_blank\" rel=\"noopener\"><br \/>\n                    Connectez-vous<br \/>\n                <\/a>\n            <\/p>\n","protected":false},"excerpt":{"rendered":"MUNICIPALES 2026 1\/5 &#8211; Cambriolages, vols, agressions\u2026 Le Figaro a mesur\u00e9 l\u2019\u00e9volution de l\u2019ins\u00e9curit\u00e9 dans les communes de&hellip;\n","protected":false},"author":2,"featured_media":659480,"comment_status":"","ping_status":"","sticky":false,"template":"","format":"standard","meta":{"footnotes":""},"categories":[5],"tags":[11,1011,27,2825,14,3554,12,5077,28],"class_list":{"0":"post-659479","1":"post","2":"type-post","3":"status-publish","4":"format-standard","5":"has-post-thumbnail","7":"category-international","8":"tag-actualites","9":"tag-fr","10":"tag-france","11":"tag-insecurite","12":"tag-international","13":"tag-municipales","14":"tag-news","15":"tag-palmares","16":"tag-world"},"share_on_mastodon":{"url":"https:\/\/pubeurope.com\/@fr\/115884876298217198","error":""},"_links":{"self":[{"href":"https:\/\/www.europesays.com\/fr\/wp-json\/wp\/v2\/posts\/659479","targetHints":{"allow":["GET"]}}],"collection":[{"href":"https:\/\/www.europesays.com\/fr\/wp-json\/wp\/v2\/posts"}],"about":[{"href":"https:\/\/www.europesays.com\/fr\/wp-json\/wp\/v2\/types\/post"}],"author":[{"embeddable":true,"href":"https:\/\/www.europesays.com\/fr\/wp-json\/wp\/v2\/users\/2"}],"replies":[{"embeddable":true,"href":"https:\/\/www.europesays.com\/fr\/wp-json\/wp\/v2\/comments?post=659479"}],"version-history":[{"count":0,"href":"https:\/\/www.europesays.com\/fr\/wp-json\/wp\/v2\/posts\/659479\/revisions"}],"wp:featuredmedia":[{"embeddable":true,"href":"https:\/\/www.europesays.com\/fr\/wp-json\/wp\/v2\/media\/659480"}],"wp:attachment":[{"href":"https:\/\/www.europesays.com\/fr\/wp-json\/wp\/v2\/media?parent=659479"}],"wp:term":[{"taxonomy":"category","embeddable":true,"href":"https:\/\/www.europesays.com\/fr\/wp-json\/wp\/v2\/categories?post=659479"},{"taxonomy":"post_tag","embeddable":true,"href":"https:\/\/www.europesays.com\/fr\/wp-json\/wp\/v2\/tags?post=659479"}],"curies":[{"name":"wp","href":"https:\/\/api.w.org\/{rel}","templated":true}]}}