{"id":659483,"date":"2026-01-13T00:08:25","date_gmt":"2026-01-13T00:08:25","guid":{"rendered":"https:\/\/www.europesays.com\/fr\/659483\/"},"modified":"2026-01-13T00:08:25","modified_gmt":"2026-01-13T00:08:25","slug":"pourquoi-leurope-nose-pas-defier-les-etats-unis-et-donald-trump","status":"publish","type":"post","link":"https:\/\/www.europesays.com\/fr\/659483\/","title":{"rendered":"pourquoi l\u2019Europe n\u2019ose pas d\u00e9fier les \u00c9tats-Unis et Donald Trump"},"content":{"rendered":"<p>\u00c0 Copenhague, l\u2019insistance de Donald Trump \u00e0 mettre la main sur le Groenland cr\u00e9e un profond malaise. Peter Suppli Benson, journaliste sp\u00e9cialiste du Groenland au quotidien danois Berlingske, d\u00e9crit m\u00eame un \u00ab\u00a0sentiment de panique\u00a0\u00bb qui se serait empar\u00e9 des \u00e9lites politiques du pays, en m\u00eame temps qu\u2019une d\u00e9termination \u00e0 r\u00e9sister. Il s\u2019agit d\u2019une crise \u00ab\u00a0historique\u00a0\u00bb, confirme Aaja Chemnitz, repr\u00e9sentante groenlandaise au Parlement danois.<\/p>\n<p>Cet article est r\u00e9serv\u00e9 aux abonn\u00e9s<\/p>\n<p>\n                    Vous souhaitez lire la suite\u00a0? Abonnez-vous sans engagement \u00e0 notre offre num\u00e9rique\n                <\/p>\n<p>                <a href=\"https:\/\/abonnement.la-croix.com\" class=\"default-paywall__subscribe-button\" data-tracking=\"cta_click\" data-tracking-action=\"voir la page abonnement\" data-tracking-category=\"abonnement\" target=\"_blank\" rel=\"noopener\">Je m&rsquo;abonne<\/a><\/p>\n","protected":false},"excerpt":{"rendered":"\u00c0 Copenhague, l\u2019insistance de Donald Trump \u00e0 mettre la main sur le Groenland cr\u00e9e un profond malaise. Peter&hellip;\n","protected":false},"author":2,"featured_media":659484,"comment_status":"","ping_status":"","sticky":false,"template":"","format":"standard","meta":{"footnotes":""},"categories":[2],"tags":[11,1011,27,12],"class_list":{"0":"post-659483","1":"post","2":"type-post","3":"status-publish","4":"format-standard","5":"has-post-thumbnail","7":"category-actualites","8":"tag-actualites","9":"tag-fr","10":"tag-france","11":"tag-news"},"share_on_mastodon":{"url":"https:\/\/pubeurope.com\/@fr\/115884884262339387","error":""},"_links":{"self":[{"href":"https:\/\/www.europesays.com\/fr\/wp-json\/wp\/v2\/posts\/659483","targetHints":{"allow":["GET"]}}],"collection":[{"href":"https:\/\/www.europesays.com\/fr\/wp-json\/wp\/v2\/posts"}],"about":[{"href":"https:\/\/www.europesays.com\/fr\/wp-json\/wp\/v2\/types\/post"}],"author":[{"embeddable":true,"href":"https:\/\/www.europesays.com\/fr\/wp-json\/wp\/v2\/users\/2"}],"replies":[{"embeddable":true,"href":"https:\/\/www.europesays.com\/fr\/wp-json\/wp\/v2\/comments?post=659483"}],"version-history":[{"count":0,"href":"https:\/\/www.europesays.com\/fr\/wp-json\/wp\/v2\/posts\/659483\/revisions"}],"wp:featuredmedia":[{"embeddable":true,"href":"https:\/\/www.europesays.com\/fr\/wp-json\/wp\/v2\/media\/659484"}],"wp:attachment":[{"href":"https:\/\/www.europesays.com\/fr\/wp-json\/wp\/v2\/media?parent=659483"}],"wp:term":[{"taxonomy":"category","embeddable":true,"href":"https:\/\/www.europesays.com\/fr\/wp-json\/wp\/v2\/categories?post=659483"},{"taxonomy":"post_tag","embeddable":true,"href":"https:\/\/www.europesays.com\/fr\/wp-json\/wp\/v2\/tags?post=659483"}],"curies":[{"name":"wp","href":"https:\/\/api.w.org\/{rel}","templated":true}]}}