{"id":659497,"date":"2026-01-13T00:15:14","date_gmt":"2026-01-13T00:15:14","guid":{"rendered":"https:\/\/www.europesays.com\/fr\/659497\/"},"modified":"2026-01-13T00:15:14","modified_gmt":"2026-01-13T00:15:14","slug":"brunch-spa-galette-des-rois-a-lhotel-zenitude","status":"publish","type":"post","link":"https:\/\/www.europesays.com\/fr\/659497\/","title":{"rendered":"Brunch, Spa &#038; galette des rois \u00e0 l&rsquo;h\u00f4tel Zenitude"},"content":{"rendered":"<p data-path-to-node=\"4\">Chaque troisi\u00e8me dimanche du mois, l\u2019\u00e9tablissement <b data-path-to-node=\"3\" data-index-in-node=\"127\">Zenitude La Valadi\u00e8re aux portes de Montpellier<\/b> transforme votre dimanche ordinaire en une parenth\u00e8se enchant\u00e9e. Ce <b data-path-to-node=\"4\" data-index-in-node=\"3\">dimanche 18 janvier<\/b>, l\u2019\u00e9dition sp\u00e9ciale met \u00e0 l\u2019honneur une tradition incontournable : <strong>la galette des rois ! <\/strong>Pr\u00e9parez-vous pour un moment \u00ab\u00a0royal\u00a0\u00bb o\u00f9 relaxation et plaisirs de la table ne font qu\u2019un.<\/p>\n<p>Un brunch g\u00e9n\u00e9reux aux saveurs hivernales<\/p>\n<p data-path-to-node=\"7\">Le Chef vous propose un buffet vari\u00e9, m\u00ealant classiques du petit-d\u00e9jeuner et plats r\u00e9confortants de saison. Que vous soyez bec sucr\u00e9 ou amateur de sal\u00e9, il y en a pour tous les go\u00fbts :<\/p>\n<p>Le coin des douceurs<\/p>\n<ul data-path-to-node=\"9\">\n<li>\n<p data-path-to-node=\"9,0,0\"><b data-path-to-node=\"9,0,0\" data-index-in-node=\"0\">La star du jour :<\/b> Galette des Rois \u00e0 la frangipane (avec une surprise pour les futurs rois et reines !).<\/p>\n<\/li>\n<li>\n<p data-path-to-node=\"9,1,0\"><b data-path-to-node=\"9,1,0\" data-index-in-node=\"0\">Les classiques :<\/b> Banana bread moelleux, carrot cake \u00e9pic\u00e9, pancakes a\u00e9riens et brownie fondant.<\/p>\n<\/li>\n<\/ul>\n<p>Le buffet sal\u00e9<\/p>\n<ul data-path-to-node=\"11\">\n<li>\n<p data-path-to-node=\"11,0,0\"><b data-path-to-node=\"11,0,0\" data-index-in-node=\"0\">R\u00e9confort hivernal :<\/b> Une v\u00e9ritable <b data-path-to-node=\"11,0,0\" data-index-in-node=\"35\">croziflette<\/b> et des soupes de saison.<\/p>\n<\/li>\n<li>\n<p data-path-to-node=\"11,1,0\"><b data-path-to-node=\"11,1,0\" data-index-in-node=\"0\">Incontournables :<\/b> Saumon fum\u00e9, croissants fourr\u00e9s jambon\/fromage et pinsas croustillantes.<\/p>\n<\/li>\n<li>\n<p data-path-to-node=\"11,2,0\"><b data-path-to-node=\"11,2,0\" data-index-in-node=\"0\">Sur mesure :<\/b> Un bar \u00e0 \u0153ufs pour une cuisson \u00e0 votre convenance.<\/p>\n<\/li>\n<\/ul>\n<p>3 heures de relaxation absolue<\/p>\n<p data-path-to-node=\"14\">Apr\u00e8s (ou avant) ce festin, place \u00e0 la d\u00e9tente profonde. Votre formule inclut <b data-path-to-node=\"14\" data-index-in-node=\"78\">3h d\u2019acc\u00e8s privil\u00e9gi\u00e9 au spa<\/b> (r\u00e9serv\u00e9 aux plus de 16 ans), un espace con\u00e7u pour apaiser le corps et l\u2019esprit :<\/p>\n<ul data-path-to-node=\"15\">\n<li>\n<p data-path-to-node=\"15,0,0\"><b data-path-to-node=\"15,0,0\" data-index-in-node=\"0\">Bassin sensoriel :<\/b> Eau \u00e0 33\u00b0 avec jets hydromassants pour d\u00e9nouer les tensions.<\/p>\n<\/li>\n<li>\n<p data-path-to-node=\"15,1,0\"><b data-path-to-node=\"15,1,0\" data-index-in-node=\"0\">Chaleur &amp; Contraste :<\/b> Hammam avec fontaine de glace, sauna traditionnel et seau norv\u00e9gien pour les plus courageux.<\/p>\n<\/li>\n<li>\n<p data-path-to-node=\"15,2,0\"><b data-path-to-node=\"15,2,0\" data-index-in-node=\"0\">L\u00e2cher-prise :<\/b> Salle de relaxation avec eau d\u00e9tox et th\u00e9s \u00e0 disposition.<\/p>\n<\/li>\n<\/ul>\n<p data-path-to-node=\"18\">Ne manquez pas cette \u00e9dition \u00ab\u00a0Royale\u00a0\u00bb pour bien lancer votre mois de janvier !<\/p>\n<ul data-path-to-node=\"19\">\n<li>\n<p data-path-to-node=\"19,0,0\"><b data-path-to-node=\"19,0,0\" data-index-in-node=\"0\">Date :<\/b> Dimanche 18 janvier 2026<\/p>\n<\/li>\n<li>\n<p data-path-to-node=\"19,1,0\"><b data-path-to-node=\"19,1,0\" data-index-in-node=\"0\">Horaires :<\/b> 2 services au choix pour le brunch (12h00 ou 13h30)<\/p>\n<\/li>\n<li>\n<p data-path-to-node=\"19,2,0\"><b data-path-to-node=\"19,2,0\" data-index-in-node=\"0\">Lieu :<\/b> H\u00f4tel Zenitude La Valadi\u00e8re \u00e0 Juvignac (pr\u00e8s du golf)<\/p>\n<\/li>\n<li>\n<p data-path-to-node=\"19,3,0\"><b data-path-to-node=\"19,3,0\" data-index-in-node=\"0\">Tarif :<\/b> 59\u20ac (brunch + 3h d\u2019acc\u00e8s Spa) on r\u00e9serve <a href=\"https:\/\/bookings.zenchef.com\/results?rid=365574&amp;pid=1001&amp;shxpid=84522\" target=\"_blank\" rel=\"noopener\"><strong>ici<\/strong><\/a><\/p>\n<\/li>\n<\/ul>\n<blockquote data-path-to-node=\"20\">\n<p data-path-to-node=\"20,0\"><b data-path-to-node=\"20,0\" data-index-in-node=\"0\">Conseil :<\/b> Les places pour ces dimanches th\u00e9matiques s\u2019envolent rapidement. Pensez \u00e0 r\u00e9server votre table et votre cr\u00e9neau spa d\u00e8s maintenant.<\/p>\n<\/blockquote>\n<blockquote class=\"instagram-media\" style=\"background: #FFF; border: 0; border-radius: 3px; box-shadow: 0 0 1px 0 rgba(0,0,0,0.5),0 1px 10px 0 rgba(0,0,0,0.15); margin: 1px; max-width: 540px; min-width: 326px; padding: 0; width: calc(100% - 2px);\" data-instgrm-captioned=\"\" data-instgrm-permalink=\"https:\/\/www.instagram.com\/p\/DTSUQVUDEts\/?utm_source=ig_embed&amp;utm_campaign=loading\" data-instgrm-version=\"14\">\n<\/blockquote>\n<p>\t\t\t\t\t\t\t\t\t\t\t\t\t\t\t<script async src=\"\/\/www.instagram.com\/embed.js\"><\/script><\/p>\n","protected":false},"excerpt":{"rendered":"Chaque troisi\u00e8me dimanche du mois, l\u2019\u00e9tablissement Zenitude La Valadi\u00e8re aux portes de Montpellier transforme votre dimanche ordinaire en&hellip;\n","protected":false},"author":2,"featured_media":659498,"comment_status":"","ping_status":"","sticky":false,"template":"","format":"standard","meta":{"footnotes":""},"categories":[9599],"tags":[1111,11,1777,674,1011,27,2208,12,2680,25],"class_list":{"0":"post-659497","1":"post","2":"type-post","3":"status-publish","4":"format-standard","5":"has-post-thumbnail","7":"category-montpellier","8":"tag-actu","9":"tag-actualites","10":"tag-eu","11":"tag-europe","12":"tag-fr","13":"tag-france","14":"tag-montpellier","15":"tag-news","16":"tag-occitanie","17":"tag-republique-francaise"},"share_on_mastodon":{"url":"https:\/\/pubeurope.com\/@fr\/115884911725677712","error":""},"_links":{"self":[{"href":"https:\/\/www.europesays.com\/fr\/wp-json\/wp\/v2\/posts\/659497","targetHints":{"allow":["GET"]}}],"collection":[{"href":"https:\/\/www.europesays.com\/fr\/wp-json\/wp\/v2\/posts"}],"about":[{"href":"https:\/\/www.europesays.com\/fr\/wp-json\/wp\/v2\/types\/post"}],"author":[{"embeddable":true,"href":"https:\/\/www.europesays.com\/fr\/wp-json\/wp\/v2\/users\/2"}],"replies":[{"embeddable":true,"href":"https:\/\/www.europesays.com\/fr\/wp-json\/wp\/v2\/comments?post=659497"}],"version-history":[{"count":0,"href":"https:\/\/www.europesays.com\/fr\/wp-json\/wp\/v2\/posts\/659497\/revisions"}],"wp:featuredmedia":[{"embeddable":true,"href":"https:\/\/www.europesays.com\/fr\/wp-json\/wp\/v2\/media\/659498"}],"wp:attachment":[{"href":"https:\/\/www.europesays.com\/fr\/wp-json\/wp\/v2\/media?parent=659497"}],"wp:term":[{"taxonomy":"category","embeddable":true,"href":"https:\/\/www.europesays.com\/fr\/wp-json\/wp\/v2\/categories?post=659497"},{"taxonomy":"post_tag","embeddable":true,"href":"https:\/\/www.europesays.com\/fr\/wp-json\/wp\/v2\/tags?post=659497"}],"curies":[{"name":"wp","href":"https:\/\/api.w.org\/{rel}","templated":true}]}}