{"id":659511,"date":"2026-01-13T00:25:14","date_gmt":"2026-01-13T00:25:14","guid":{"rendered":"https:\/\/www.europesays.com\/fr\/659511\/"},"modified":"2026-01-13T00:25:14","modified_gmt":"2026-01-13T00:25:14","slug":"alsace-admise-apres-une-tentative-de-suicide-une-strasbourgeoise-retrouvee-pendue-dans-sa-chambre-dhopital-2","status":"publish","type":"post","link":"https:\/\/www.europesays.com\/fr\/659511\/","title":{"rendered":"Alsace. Admise apr\u00e8s une tentative de suicide, une Strasbourgeoise retrouv\u00e9e pendue dans sa chambre d\u2019h\u00f4pital"},"content":{"rendered":"<p>\u00ab\u00a0On pensait notre s\u0153ur en s\u00e9curit\u00e9. On l\u2019a d\u00e9pos\u00e9e vivante, ils nous l\u2019ont rendue morte\u00a0\u00bb, l\u00e2che \u00c9lira (*), 22 ans. La Strasbourgeoise se rem\u00e9more avec pr\u00e9cision la nuit du 2 au 3\u00a0d\u00e9cembre 2025 au cours de laquelle la vie de sa s\u0153ur Almina, d\u2019un an sa cadette, a bascul\u00e9. Tout commence \u00e0 23\u00a0h par un coup de fil d\u2019Alexandre, un gar\u00e7on que la famille ne conna\u00eet pas, leur demandant d\u2019arriver au plus vite sur le pont pr\u00e8s de l\u2019avenue Pierre-Corneille, dans le quartier de Hautepierre\u00a0: Almina menacerait de se jeter dans le vide (**).<\/p>\n<p>Rapidement sur les lieux, quatre de ses s\u0153urs vont \u00e0 sa rencontre\u00a0: elles la trouvent, sans chaussures, pr\u00eate \u00e0 sauter. \u00ab\u00a0Elle \u00e9tait en pleurs et se plaignait de douleurs au ventre. On l\u2019a allong\u00e9e au sol et elle a perdu connaissance.\u00a0\u00bb La famille la transporte aux urgences de Hautepierre.<\/p>\n","protected":false},"excerpt":{"rendered":"\u00ab\u00a0On pensait notre s\u0153ur en s\u00e9curit\u00e9. On l\u2019a d\u00e9pos\u00e9e vivante, ils nous l\u2019ont rendue morte\u00a0\u00bb, l\u00e2che \u00c9lira (*),&hellip;\n","protected":false},"author":2,"featured_media":659510,"comment_status":"","ping_status":"","sticky":false,"template":"","format":"standard","meta":{"footnotes":""},"categories":[2820],"tags":[119,1111,11,2389,2649,2880,1777,674,274,107,1011,27,775,12,25,640,2879],"class_list":{"0":"post-659511","1":"post","2":"type-post","3":"status-publish","4":"format-standard","5":"has-post-thumbnail","7":"category-strasbourg","8":"tag-accident","9":"tag-actu","10":"tag-actualites","11":"tag-alsace","12":"tag-bas-rhin","13":"tag-edition-strasbourg","14":"tag-eu","15":"tag-europe","16":"tag-faits-divers-justice","17":"tag-fil-info","18":"tag-fr","19":"tag-france","20":"tag-grand-est","21":"tag-news","22":"tag-republique-francaise","23":"tag-strasbourg","24":"tag-strasbourg-ville"},"share_on_mastodon":{"url":"https:\/\/pubeurope.com\/@fr\/115884951329388461","error":""},"_links":{"self":[{"href":"https:\/\/www.europesays.com\/fr\/wp-json\/wp\/v2\/posts\/659511","targetHints":{"allow":["GET"]}}],"collection":[{"href":"https:\/\/www.europesays.com\/fr\/wp-json\/wp\/v2\/posts"}],"about":[{"href":"https:\/\/www.europesays.com\/fr\/wp-json\/wp\/v2\/types\/post"}],"author":[{"embeddable":true,"href":"https:\/\/www.europesays.com\/fr\/wp-json\/wp\/v2\/users\/2"}],"replies":[{"embeddable":true,"href":"https:\/\/www.europesays.com\/fr\/wp-json\/wp\/v2\/comments?post=659511"}],"version-history":[{"count":0,"href":"https:\/\/www.europesays.com\/fr\/wp-json\/wp\/v2\/posts\/659511\/revisions"}],"wp:featuredmedia":[{"embeddable":true,"href":"https:\/\/www.europesays.com\/fr\/wp-json\/wp\/v2\/media\/659510"}],"wp:attachment":[{"href":"https:\/\/www.europesays.com\/fr\/wp-json\/wp\/v2\/media?parent=659511"}],"wp:term":[{"taxonomy":"category","embeddable":true,"href":"https:\/\/www.europesays.com\/fr\/wp-json\/wp\/v2\/categories?post=659511"},{"taxonomy":"post_tag","embeddable":true,"href":"https:\/\/www.europesays.com\/fr\/wp-json\/wp\/v2\/tags?post=659511"}],"curies":[{"name":"wp","href":"https:\/\/api.w.org\/{rel}","templated":true}]}}