{"id":659515,"date":"2026-01-13T00:28:37","date_gmt":"2026-01-13T00:28:37","guid":{"rendered":"https:\/\/www.europesays.com\/fr\/659515\/"},"modified":"2026-01-13T00:28:37","modified_gmt":"2026-01-13T00:28:37","slug":"une-enquete-ouverte-apres-le-deces-dun-lyceen-dans-sa-chambre-dinternat","status":"publish","type":"post","link":"https:\/\/www.europesays.com\/fr\/659515\/","title":{"rendered":"Une enqu\u00eate ouverte apr\u00e8s le d\u00e9c\u00e8s d\u2019un lyc\u00e9en dans sa chambre d\u2019internat"},"content":{"rendered":"<p>Un adolescent de 18 ans a \u00e9t\u00e9 retrouv\u00e9 d\u00e9c\u00e9d\u00e9 dans une chambre d\u2019internat au lyc\u00e9e Saint-F\u00e9lix de <a href=\"https:\/\/www.20minutes.fr\/nantes\/\" class=\"c-link c-link--is-underlined\" target=\"_blank\" rel=\"noopener\">Nantes<\/a>, a annonc\u00e9 le procureur de la R\u00e9publique vendredi soir, confirmant une information de <a href=\"https:\/\/www.ouest-france.fr\/societe\/faits-divers\/un-eleve-mort-a-linternat-de-saint-felix-la-salle-a-nantes-893b9644-ed58-11f0-ae78-1a0629cc1f87https:\/\/www.ouest-france.fr\/societe\/faits-divers\/un-eleve-mort-a-linternat-de-saint-felix-la-salle-a-nantes-893b9644-ed58-11f0-ae78-1a0629cc1f87\" target=\"_blank\" class=\"c-link c-link--is-underlined\" rel=\"noopener\">Presse Oc\u00e9an<\/a>.<\/p>\n<p>Le corps inanim\u00e9 de la jeune victime morte par pendaison aurait \u00e9t\u00e9 d\u00e9couvert sur place par un surveillant. Une cellule d\u2019accompagnement a \u00e9t\u00e9 mise en place d\u00e8s la fin de matin\u00e9e dans cet <a href=\"https:\/\/www.20minutes.fr\/societe\/4170483-20250901-nantes-choc-psychologique-rentree-ambiance-pesante-eleves-saint-stanislas\" class=\"c-link c-link--is-underlined\" target=\"_blank\" rel=\"noopener\">\u00e9tablissement priv\u00e9<\/a> sous contrat o\u00f9 sont scolaris\u00e9s plus de 700 \u00e9l\u00e8ves.<\/p>\n<p>\u00ab\u00a0Investigations habituelles\u00a0\u00bb<\/p>\n<p>\u00ab\u00a0Comme tout d\u00e9c\u00e8s de cette nature, une enqu\u00eate de <a href=\"https:\/\/www.20minutes.fr\/dossier\/police\" class=\"c-link c-link--is-underlined\" target=\"_blank\" rel=\"noopener\">police<\/a> est diligent\u00e9e, mais absolument rien, en l\u2019\u00e9tat des investigations, ne permet d\u2019affirmer que sa cause aurait une origine p\u00e9nale\u00a0\u00bb, a comment\u00e9 dans la soir\u00e9e de vendredi le procureur de la R\u00e9publique de Nantes. Et d\u2019ajouter que les services de police proc\u00e9daient aux \u00ab\u00a0investigations habituelles\u00a0\u00bb, dans le respect des proches de la victime.<\/p>\n","protected":false},"excerpt":{"rendered":"Un adolescent de 18 ans a \u00e9t\u00e9 retrouv\u00e9 d\u00e9c\u00e9d\u00e9 dans une chambre d\u2019internat au lyc\u00e9e Saint-F\u00e9lix de Nantes,&hellip;\n","protected":false},"author":2,"featured_media":659516,"comment_status":"","ping_status":"","sticky":false,"template":"","format":"standard","meta":{"footnotes":""},"categories":[2818],"tags":[1111,11,1067,1777,674,118,6944,1011,27,69219,3047,766,12,2636,1306,25],"class_list":{"0":"post-659515","1":"post","2":"type-post","3":"status-publish","4":"format-standard","5":"has-post-thumbnail","7":"category-nantes","8":"tag-actu","9":"tag-actualites","10":"tag-enquete","11":"tag-eu","12":"tag-europe","13":"tag-faits-divers","14":"tag-faits-divers-nantes","15":"tag-fr","16":"tag-france","17":"tag-internat","18":"tag-loire-atlantique","19":"tag-nantes","20":"tag-news","21":"tag-pays-de-la-loire","22":"tag-regions","23":"tag-republique-francaise"},"share_on_mastodon":{"url":"https:\/\/pubeurope.com\/@fr\/115884962826418748","error":""},"_links":{"self":[{"href":"https:\/\/www.europesays.com\/fr\/wp-json\/wp\/v2\/posts\/659515","targetHints":{"allow":["GET"]}}],"collection":[{"href":"https:\/\/www.europesays.com\/fr\/wp-json\/wp\/v2\/posts"}],"about":[{"href":"https:\/\/www.europesays.com\/fr\/wp-json\/wp\/v2\/types\/post"}],"author":[{"embeddable":true,"href":"https:\/\/www.europesays.com\/fr\/wp-json\/wp\/v2\/users\/2"}],"replies":[{"embeddable":true,"href":"https:\/\/www.europesays.com\/fr\/wp-json\/wp\/v2\/comments?post=659515"}],"version-history":[{"count":0,"href":"https:\/\/www.europesays.com\/fr\/wp-json\/wp\/v2\/posts\/659515\/revisions"}],"wp:featuredmedia":[{"embeddable":true,"href":"https:\/\/www.europesays.com\/fr\/wp-json\/wp\/v2\/media\/659516"}],"wp:attachment":[{"href":"https:\/\/www.europesays.com\/fr\/wp-json\/wp\/v2\/media?parent=659515"}],"wp:term":[{"taxonomy":"category","embeddable":true,"href":"https:\/\/www.europesays.com\/fr\/wp-json\/wp\/v2\/categories?post=659515"},{"taxonomy":"post_tag","embeddable":true,"href":"https:\/\/www.europesays.com\/fr\/wp-json\/wp\/v2\/tags?post=659515"}],"curies":[{"name":"wp","href":"https:\/\/api.w.org\/{rel}","templated":true}]}}