{"id":659520,"date":"2026-01-13T00:31:15","date_gmt":"2026-01-13T00:31:15","guid":{"rendered":"https:\/\/www.europesays.com\/fr\/659520\/"},"modified":"2026-01-13T00:31:15","modified_gmt":"2026-01-13T00:31:15","slug":"candidat-a-la-mairie-de-bordeaux-yves-simone-veut-realiser-un-projet-fou-pour-transformer-les-quais","status":"publish","type":"post","link":"https:\/\/www.europesays.com\/fr\/659520\/","title":{"rendered":"Candidat \u00e0 la mairie de Bordeaux, Yves Simone veut r\u00e9aliser un projet fou pour transformer les quais"},"content":{"rendered":"<p>                    Par<br \/>\n        <strong><br \/>\n            <a href=\"https:\/\/actu.fr\/auteur\/sports33\" title=\"Consulter tous les articles de Nicolas Gosselin\" target=\"_blank\" rel=\"noopener\">Nicolas Gosselin<\/a><br \/>\n                    <\/strong><\/p>\n<p>        Publi\u00e9 le<\/p>\n<p>            12 janv. 2026 \u00e0 18h54        <\/p>\n<p>Jamais deux sans trois. Apr\u00e8s 2014 et 2020, <strong>Yves Simone<\/strong> se pr\u00e9sente aux <a href=\"https:\/\/actu.fr\/bordeaux\/politique\/elections-municipales\" target=\"_blank\" rel=\"noopener\">prochaines \u00e9lections municipales \u00e0 Bordeaux<\/a> avec la m\u00eame ambition : mettre en avant le <a href=\"https:\/\/actu.fr\/tag\/patrimoine\" target=\"_blank\" rel=\"noopener\">patrimoine de la ville<\/a>. Parmi <a href=\"https:\/\/happyserveur.com\/simone2026\/\" target=\"_blank\" rel=\"noopener\">ses grands projets<\/a>, le guide touristique veut r\u00e9aliser <strong>un tunnel routier sous la place de la Bourse<\/strong> pour cr\u00e9er une place g\u00e9ante jusqu\u2019aux Quinconces.\u00a0<\/p>\n<p class=\" wall-content\">\u00ab\u00a0Le projet ferait de Bordeaux <strong>une ville exceptionnelle<\/strong> car on relierait trois places (Bourse, Jean-Jaur\u00e8s et Quinconces) au fleuve. Je l\u2019avais d\u00e9j\u00e0 en 2014 et 2020 mais cette fois-ci, on a fait des illustrations. Cela permettrait aux touristes, quand ils vont au miroir d\u2019eau, de ne pas avoir \u00e0 traverser la 2\u00d72 voies qui fait un peu autoroute. Si les voitures passent en-dessous, le probl\u00e8me est r\u00e9solu\u00a0\u00bb, appuie Yves Simone.<\/p>\n<p class=\" wall-content\">Aussi, cela permettrait selon lui d\u2019agrandir le miroir d\u2019eau de trois m\u00e8tres en largeur pour avoir la totalit\u00e9 des b\u00e2timents de la place qui s\u2019y refl\u00e8te. \u00ab\u00a0Puis, \u00e7a enl\u00e8ve la <strong>pollution visuelle et sonore<\/strong>. Quand on fait des f\u00eates du fleuve ou du vin, on pourra d\u00e9border. Ce sera beaucoup mieux. Par contre, il faut faire venir des experts en urbanisme pour calculer le prix. Mais Jupp\u00e9 a bien fait le <a href=\"https:\/\/actu.fr\/tag\/matmut-atlantique\" target=\"_blank\" rel=\"noopener\">grand stade<\/a> et la <a href=\"https:\/\/actu.fr\/nouvelle-aquitaine\/bordeaux_33063\/avec-la-tour-eiffel-et-d-autres-monuments-la-cite-du-vin-represente-la-france-lors-d-une-campagne-mondiale_61738182.html\" target=\"_blank\" rel=\"noopener\">Cit\u00e9 du vin<\/a>. On a une ville exceptionnelle, il faut <strong>mettre en valeur le patrimoine<\/strong>. M\u00eame si \u00e7a chiffre\u2026\u00a0\u00bb<\/p>\n<p>\u00ab\u00a0J\u2019ai des messages \u00e0 faire passer\u00a0\u00bb<\/p>\n<p class=\" wall-content\">Dans la m\u00eame lign\u00e9e, Yves Simone aimerait notamment <strong>ouvrir davantage le Grand-Th\u00e9\u00e2tre aux visiteurs<\/strong>. \u00ab\u00a0Il y a moins de 5 000 entr\u00e9es payantes par an quand l\u2019Op\u00e9ra de Paris est \u00e0 plus d\u2019un million\u00a0\u00bb, compare-t-il. Le guide \u00e9voque aussi d\u2019\u00e9laguer davantage les arbres dans le centre historique pour ne pas dissimuler certaines fa\u00e7ades ou encore de participer au financement d\u2019un lyc\u00e9e ou de dispensaires \u00e0 Ha\u00efti plut\u00f4t que de cr\u00e9er un m\u00e9morial de l\u2019esclavagisme \u00e0 Bordeaux. \u00ab\u00a0Il en existe d\u00e9j\u00e0 un \u00e0 Nantes\u00a0\u00bb, pointe le candidat.<\/p>\n<p class=\" wall-content\">En 2020, il s\u2019\u00e9tait ralli\u00e9 \u00e0 <a href=\"https:\/\/actu.fr\/tag\/pierre-hurmic\" target=\"_blank\" rel=\"noopener\">Pierre Hurmic<\/a> au second tour car ce dernier lui avait \u00ab\u00a0promis\u00a0\u00bb, dixit Yves Simone, de r\u00e9aliser ces projets \u00e9voqu\u00e9s pr\u00e9c\u00e9demment. Au final, le guide touristique a \u00e9t\u00e9 re\u00e7u par son \u00e9quipe mais les projets n\u2019ont pas vu le jour. Aux derni\u00e8res \u00e9lections, il n\u2019avait <strong>obtenu \u00ab\u00a0que\u00a0\u00bb 1% des voix<\/strong>. Il se doute qu\u2019il devrait rester dans ces eaux-l\u00e0 pour ce prochain rendez-vous \u00e9lectoral mais \u00ab\u00a0a des messages \u00e0 faire passer sur le patrimoine\u00a0\u00bb. Et s\u2019il doit s\u2019allier, ce sera avec qui cette fois ? \u00ab\u00a0On verra mon score et si on m\u2019appelle\u00a0\u00bb, \u00e9lude-t-il.<\/p>\n<p class=\" wall-content\">Personnalisez votre actualit\u00e9 en ajoutant vos villes et m\u00e9dias en favori avec <a href=\"https:\/\/moncompte.actu.fr\" title=\"D\u00e9couvez Mon Actu\" rel=\"nofollow noopener\" data-trk=\"{&quot;cta&quot;:{&quot;action&quot;:&quot;https:\\\/\\\/moncompte.actu.fr&quot;,&quot;category&quot;:&quot;mon compte&quot;,&quot;from&quot;:&quot;article footer&quot;,&quot;name&quot;:&quot;Mon actu&quot;,&quot;type&quot;:&quot;cta&quot;}}\" target=\"_blank\">Mon Actu<\/a>.<\/p>\n","protected":false},"excerpt":{"rendered":"Par Nicolas Gosselin Publi\u00e9 le 12 janv. 2026 \u00e0 18h54 Jamais deux sans trois. Apr\u00e8s 2014 et 2020,&hellip;\n","protected":false},"author":2,"featured_media":659521,"comment_status":"","ping_status":"","sticky":false,"template":"","format":"standard","meta":{"footnotes":""},"categories":[2817],"tags":[1111,11,1997,4188,1777,674,1011,27,3434,12,2219,316,25],"class_list":{"0":"post-659520","1":"post","2":"type-post","3":"status-publish","4":"format-standard","5":"has-post-thumbnail","7":"category-bordeaux","8":"tag-actu","9":"tag-actualites","10":"tag-bordeaux","11":"tag-elections-municipales","12":"tag-eu","13":"tag-europe","14":"tag-fr","15":"tag-france","16":"tag-municipales-2026","17":"tag-news","18":"tag-nouvelle-aquitaine","19":"tag-politique","20":"tag-republique-francaise"},"share_on_mastodon":{"url":"https:\/\/pubeurope.com\/@fr\/115884974625209513","error":""},"_links":{"self":[{"href":"https:\/\/www.europesays.com\/fr\/wp-json\/wp\/v2\/posts\/659520","targetHints":{"allow":["GET"]}}],"collection":[{"href":"https:\/\/www.europesays.com\/fr\/wp-json\/wp\/v2\/posts"}],"about":[{"href":"https:\/\/www.europesays.com\/fr\/wp-json\/wp\/v2\/types\/post"}],"author":[{"embeddable":true,"href":"https:\/\/www.europesays.com\/fr\/wp-json\/wp\/v2\/users\/2"}],"replies":[{"embeddable":true,"href":"https:\/\/www.europesays.com\/fr\/wp-json\/wp\/v2\/comments?post=659520"}],"version-history":[{"count":0,"href":"https:\/\/www.europesays.com\/fr\/wp-json\/wp\/v2\/posts\/659520\/revisions"}],"wp:featuredmedia":[{"embeddable":true,"href":"https:\/\/www.europesays.com\/fr\/wp-json\/wp\/v2\/media\/659521"}],"wp:attachment":[{"href":"https:\/\/www.europesays.com\/fr\/wp-json\/wp\/v2\/media?parent=659520"}],"wp:term":[{"taxonomy":"category","embeddable":true,"href":"https:\/\/www.europesays.com\/fr\/wp-json\/wp\/v2\/categories?post=659520"},{"taxonomy":"post_tag","embeddable":true,"href":"https:\/\/www.europesays.com\/fr\/wp-json\/wp\/v2\/tags?post=659520"}],"curies":[{"name":"wp","href":"https:\/\/api.w.org\/{rel}","templated":true}]}}