{"id":659522,"date":"2026-01-13T00:32:12","date_gmt":"2026-01-13T00:32:12","guid":{"rendered":"https:\/\/www.europesays.com\/fr\/659522\/"},"modified":"2026-01-13T00:32:12","modified_gmt":"2026-01-13T00:32:12","slug":"coup-de-bouteille-et-de-cutter-lors-dune-rixe-dans-un-bar","status":"publish","type":"post","link":"https:\/\/www.europesays.com\/fr\/659522\/","title":{"rendered":"Coup de bouteille et de cutter lors d\u2019une rixe dans un bar"},"content":{"rendered":"<p>\n                                                                    l&rsquo;essentiel<br \/>\n                                                                Une violente bagarre a \u00e9clat\u00e9 dimanche soir dans un bar de Toulouse. Frapp\u00e9 avec une bouteille, un homme a fini aux urgences. L\u2019agresseur a \u00e9t\u00e9 interpell\u00e9.\n                            <\/p>\n<p>Une bagarre a oppos\u00e9 deux hommes, dimanche soir dans un bar de la rue Gabriel-P\u00e9ri, \u00e0 Toulouse. Ces deux individus se sont empoign\u00e9s pour des raisons qui restent \u00e0 pr\u00e9ciser. \u00ab\u00a0L\u2019alcoolisation n\u2019aide pas les explications\u00a0\u00bb, ose un policier ennuy\u00e9.<\/p>\n<p>Un homme a \u00e9t\u00e9 hospitalis\u00e9 aux urgences de la clinique Ambroise-Par\u00e9, \u00e0 Toulouse, apr\u00e8s avoir \u00e9t\u00e9 pris en charge par les pompiers. Il souffrait de plaies au visage mais \u00e9galement derri\u00e8re la t\u00eate. Selon les t\u00e9moins, il aurait \u00e9t\u00e9 frapp\u00e9 avec une bouteille.<\/p>\n<p>\u00ab\u00a0Un cutter a \u00e9galement \u00e9t\u00e9 saisi, sur place. A minima, l\u2019agresseur a menac\u00e9 avec cette arme\u00a0\u00bb, pr\u00e9vient la police. La victime aurait affirm\u00e9 qu\u2019il avait \u00e9t\u00e9 touch\u00e9 par cette lame.<\/p>\n<p>L\u2019agresseur, un gar\u00e7on \u00e2g\u00e9 de 20 ans, passablement alcoolis\u00e9, a refus\u00e9 de souffler. Dans la nuit, il a \u00e9t\u00e9 plac\u00e9 en d\u00e9grisement avant ses premi\u00e8res auditions ce lundi. Les enqu\u00eateurs du groupe d\u2019appui judiciaire attendaient de pouvoir entendre la victime pour comprendre ce d\u00e9cha\u00eenement de violences.<\/p>\n","protected":false},"excerpt":{"rendered":"l&rsquo;essentiel Une violente bagarre a \u00e9clat\u00e9 dimanche soir dans un bar de Toulouse. Frapp\u00e9 avec une bouteille, un&hellip;\n","protected":false},"author":2,"featured_media":659523,"comment_status":"","ping_status":"","sticky":false,"template":"","format":"standard","meta":{"footnotes":""},"categories":[2816],"tags":[1111,11,1777,674,118,1011,27,2722,12,2680,25,2312],"class_list":{"0":"post-659522","1":"post","2":"type-post","3":"status-publish","4":"format-standard","5":"has-post-thumbnail","7":"category-toulouse","8":"tag-actu","9":"tag-actualites","10":"tag-eu","11":"tag-europe","12":"tag-faits-divers","13":"tag-fr","14":"tag-france","15":"tag-haute-garonne","16":"tag-news","17":"tag-occitanie","18":"tag-republique-francaise","19":"tag-toulouse"},"share_on_mastodon":{"url":"https:\/\/pubeurope.com\/@fr\/115884978563828282","error":""},"_links":{"self":[{"href":"https:\/\/www.europesays.com\/fr\/wp-json\/wp\/v2\/posts\/659522","targetHints":{"allow":["GET"]}}],"collection":[{"href":"https:\/\/www.europesays.com\/fr\/wp-json\/wp\/v2\/posts"}],"about":[{"href":"https:\/\/www.europesays.com\/fr\/wp-json\/wp\/v2\/types\/post"}],"author":[{"embeddable":true,"href":"https:\/\/www.europesays.com\/fr\/wp-json\/wp\/v2\/users\/2"}],"replies":[{"embeddable":true,"href":"https:\/\/www.europesays.com\/fr\/wp-json\/wp\/v2\/comments?post=659522"}],"version-history":[{"count":0,"href":"https:\/\/www.europesays.com\/fr\/wp-json\/wp\/v2\/posts\/659522\/revisions"}],"wp:featuredmedia":[{"embeddable":true,"href":"https:\/\/www.europesays.com\/fr\/wp-json\/wp\/v2\/media\/659523"}],"wp:attachment":[{"href":"https:\/\/www.europesays.com\/fr\/wp-json\/wp\/v2\/media?parent=659522"}],"wp:term":[{"taxonomy":"category","embeddable":true,"href":"https:\/\/www.europesays.com\/fr\/wp-json\/wp\/v2\/categories?post=659522"},{"taxonomy":"post_tag","embeddable":true,"href":"https:\/\/www.europesays.com\/fr\/wp-json\/wp\/v2\/tags?post=659522"}],"curies":[{"name":"wp","href":"https:\/\/api.w.org\/{rel}","templated":true}]}}