{"id":659531,"date":"2026-01-13T00:37:19","date_gmt":"2026-01-13T00:37:19","guid":{"rendered":"https:\/\/www.europesays.com\/fr\/659531\/"},"modified":"2026-01-13T00:37:19","modified_gmt":"2026-01-13T00:37:19","slug":"martine-vassal-designe-huit-referents-de-secteur","status":"publish","type":"post","link":"https:\/\/www.europesays.com\/fr\/659531\/","title":{"rendered":"Martine Vassal d\u00e9signe huit r\u00e9f\u00e9rents de secteur"},"content":{"rendered":"<p>Huit \u00ab\u00a0r\u00e9f\u00e9rents\u00a0\u00bb, soit un par secteur municipal, ont \u00e9t\u00e9 d\u00e9sign\u00e9s ce lundi 12\u00a0janvier par la <a href=\"https:\/\/www.laprovence.com\/article\/politique\/8349189295068714\/antisemitisme-martine-vassal-veut-un-plan-municipal-pour-arreter-de-regarder-ailleurs\" target=\"_blank\" rel=\"noopener\">candidate (DVD) Martine Vassal<\/a>. \u00ab\u00a0Ils auront pour r\u00f4le d\u2019animer la campagne\u00a0\u00bb, pr\u00e9cise-t-on en interne.<\/p>\n<p>Une majorit\u00e9 d\u2019entre eux, selon les informations de La Provence, a toutefois vocation \u00e0 \u00eatre t\u00eate de liste dans chacun des huit secteurs municipaux, \u00e9lection qui se d\u00e9roulera en parall\u00e8le de l\u2019\u00e9lection du conseil municipal de Marseille.<\/p>\n<p>Le porte-parole de campagne <a href=\"https:\/\/www.laprovence.com\/article\/politique\/9143127678189514\/municipales-2026-a-marseille-romain-simmarano-cheval-de-troie-de-muselier\" target=\"_blank\" rel=\"noopener\">Romain Simmarano (Renaissance)<\/a>, directeur de cabinet de Renaud Muselier \u00e0 la R\u00e9gion, a \u00e9t\u00e9 d\u00e9sign\u00e9 r\u00e9f\u00e9rent des 1er-7e. Dans les 2e-3e, il s\u2019agit de Solange Biaggi (LR), d\u00e9j\u00e0 t\u00eate de liste de la droite lors des scrutins de\u00a02014 et\u00a02020. Bruno Gilles (Horizons) est en charge des 4e-5e, dont il a \u00e9t\u00e9 maire pendant 22\u00a0ans. Catherine Pila (LR), fid\u00e8le de Martine Vassal, est positionn\u00e9e dans les 6e-8e. Laure-Agn\u00e8s Caradec, pr\u00e9sidente de LR 13, est d\u00e9sign\u00e9e dans les 9e-10e. Dans les 11e-12e, la mission est confi\u00e9e au maire de secteur <a href=\"https:\/\/www.laprovence.com\/article\/politique\/2709160880287315\/marseille-sylvain-souvestre-et-valerie-boyer-en-binome-aux-municipales-de-2026\" target=\"_blank\" rel=\"noopener\">Sylvain Souvestre (LR)<\/a>. Idem dans les 13e-14e avec Marion Bareille (DVD). Enfin, dans les 15e-16e, il s\u2019agira de G\u00e9rard Blanc (Renaissance).<\/p>\n","protected":false},"excerpt":{"rendered":"Huit \u00ab\u00a0r\u00e9f\u00e9rents\u00a0\u00bb, soit un par secteur municipal, ont \u00e9t\u00e9 d\u00e9sign\u00e9s ce lundi 12\u00a0janvier par la candidate (DVD) Martine&hellip;\n","protected":false},"author":2,"featured_media":659532,"comment_status":"","ping_status":"","sticky":false,"template":"","format":"standard","meta":{"footnotes":""},"categories":[2814],"tags":[5734,1111,11,1102,9808,5949,1777,674,1011,27,38095,884,10203,3554,12,882,25,14243],"class_list":{"0":"post-659531","1":"post","2":"type-post","3":"status-publish","4":"format-standard","5":"has-post-thumbnail","7":"category-marseille","8":"tag-5734","9":"tag-actu","10":"tag-actualites","11":"tag-breakingnews","12":"tag-designe","13":"tag-elections","14":"tag-eu","15":"tag-europe","16":"tag-fr","17":"tag-france","18":"tag-huit","19":"tag-marseille","20":"tag-martine","21":"tag-municipales","22":"tag-news","23":"tag-provence-alpes-cote-dazur","24":"tag-republique-francaise","25":"tag-vassal"},"share_on_mastodon":{"url":"https:\/\/pubeurope.com\/@fr\/115884998242698712","error":""},"_links":{"self":[{"href":"https:\/\/www.europesays.com\/fr\/wp-json\/wp\/v2\/posts\/659531","targetHints":{"allow":["GET"]}}],"collection":[{"href":"https:\/\/www.europesays.com\/fr\/wp-json\/wp\/v2\/posts"}],"about":[{"href":"https:\/\/www.europesays.com\/fr\/wp-json\/wp\/v2\/types\/post"}],"author":[{"embeddable":true,"href":"https:\/\/www.europesays.com\/fr\/wp-json\/wp\/v2\/users\/2"}],"replies":[{"embeddable":true,"href":"https:\/\/www.europesays.com\/fr\/wp-json\/wp\/v2\/comments?post=659531"}],"version-history":[{"count":0,"href":"https:\/\/www.europesays.com\/fr\/wp-json\/wp\/v2\/posts\/659531\/revisions"}],"wp:featuredmedia":[{"embeddable":true,"href":"https:\/\/www.europesays.com\/fr\/wp-json\/wp\/v2\/media\/659532"}],"wp:attachment":[{"href":"https:\/\/www.europesays.com\/fr\/wp-json\/wp\/v2\/media?parent=659531"}],"wp:term":[{"taxonomy":"category","embeddable":true,"href":"https:\/\/www.europesays.com\/fr\/wp-json\/wp\/v2\/categories?post=659531"},{"taxonomy":"post_tag","embeddable":true,"href":"https:\/\/www.europesays.com\/fr\/wp-json\/wp\/v2\/tags?post=659531"}],"curies":[{"name":"wp","href":"https:\/\/api.w.org\/{rel}","templated":true}]}}