{"id":659539,"date":"2026-01-13T00:42:19","date_gmt":"2026-01-13T00:42:19","guid":{"rendered":"https:\/\/www.europesays.com\/fr\/659539\/"},"modified":"2026-01-13T00:42:19","modified_gmt":"2026-01-13T00:42:19","slug":"les-bouchons-au-dessus-de-la-moyenne-2","status":"publish","type":"post","link":"https:\/\/www.europesays.com\/fr\/659539\/","title":{"rendered":"les bouchons au-dessus de la moyenne"},"content":{"rendered":"<p>                    Par<br \/>\n        <strong><br \/>\n            <a href=\"https:\/\/actu.fr\/auteur\/redaction-paris\" title=\"Consulter tous les articles de R\u00e9daction Paris\" target=\"_blank\" rel=\"noopener\">R\u00e9daction Paris<\/a><br \/>\n                    <\/strong><\/p>\n<p>        Publi\u00e9 le<\/p>\n<p>            12 janv. 2026 \u00e0 9h21        <\/p>\n<p>On est loin des <a href=\"https:\/\/actu.fr\/ile-de-france\/paris_75056\/neige-a-paris-plus-de-1-000-km-de-bouchons-en-ile-de-france-un-record-absolu_63654683.html\" target=\"_blank\" rel=\"noopener\">plus de 1 000 kilom\u00e8tres<\/a> atteints lors de l\u2019\u00e9pisode de <a href=\"https:\/\/actu.fr\/ile-de-france\/paris_75056\/chute-de-neige-a-paris-routes-bouches-de-metro-trottoirs-mairie-ou-riverains-qui-doit-deneiger_63656602.html\" target=\"_blank\" rel=\"noopener\">neige<\/a> de la semaine derni\u00e8re, mais la <a href=\"https:\/\/actu.fr\/tag\/circulation\" target=\"_blank\" rel=\"noopener\">circulation<\/a> est tout de m\u00eame tr\u00e8s embouteill\u00e9e ce lundi 12 janvier 2026. D\u2019apr\u00e8s les donn\u00e9es de Sytadin, le <strong>cumul des bouchons<\/strong> d\u00e9passe tr\u00e8s largement les valeurs d\u2019une journ\u00e9e normale.<\/p>\n<p>Une matin\u00e9e au ralenti<\/p>\n<p class=\" wall-content\">\u00c0 9 heures, ils atteignent <strong>446 kilom\u00e8tres<\/strong>, contre moins de 300 kilom\u00e8tres lors d\u2019une journ\u00e9e o\u00f9 le trafic est fluide. Difficile d\u2019expliquer de tels ralentissements : aucun accident n\u2019est signal\u00e9 et il ne pleut pas encore.<\/p>\n<p class=\" wall-content\">Lundi 5 janvier 2026, un record historique avait \u00e9t\u00e9 atteint : en raison de l\u2019\u00e9pisode de neige, les bouchons avaient culmin\u00e9 \u00e0 <strong>1 019 km<\/strong>. Le pr\u00e9c\u00e9dent record remontait au 6 f\u00e9vrier 2018, et n\u2019\u00e9tait \u00ab que \u00bb de 739 km.<\/p>\n<p class=\" wall-content\">Personnalisez votre actualit\u00e9 en ajoutant vos villes et m\u00e9dias en favori avec <a href=\"https:\/\/moncompte.actu.fr\" title=\"D\u00e9couvez Mon Actu\" rel=\"nofollow noopener\" data-trk=\"{&quot;cta&quot;:{&quot;action&quot;:&quot;https:\\\/\\\/moncompte.actu.fr&quot;,&quot;category&quot;:&quot;mon compte&quot;,&quot;from&quot;:&quot;article footer&quot;,&quot;name&quot;:&quot;Mon actu&quot;,&quot;type&quot;:&quot;cta&quot;}}\" target=\"_blank\">Mon Actu<\/a>.<\/p>\n","protected":false},"excerpt":{"rendered":"Par R\u00e9daction Paris Publi\u00e9 le 12 janv. 2026 \u00e0 9h21 On est loin des plus de 1 000&hellip;\n","protected":false},"author":2,"featured_media":659540,"comment_status":"","ping_status":"","sticky":false,"template":"","format":"standard","meta":{"footnotes":""},"categories":[1888],"tags":[1111,1928,11,1927,3542,1777,674,1011,27,12,1926,626,1925,25,104],"class_list":{"0":"post-659539","1":"post","2":"type-post","3":"status-publish","4":"format-standard","5":"has-post-thumbnail","7":"category-paris","8":"tag-actu","9":"tag-actu-paris","10":"tag-actualites","11":"tag-actualites-paris","12":"tag-circulation","13":"tag-eu","14":"tag-europe","15":"tag-fr","16":"tag-france","17":"tag-news","18":"tag-news-paris","19":"tag-paris","20":"tag-paris-news","21":"tag-republique-francaise","22":"tag-societe"},"share_on_mastodon":{"url":"https:\/\/pubeurope.com\/@fr\/115885018012826626","error":""},"_links":{"self":[{"href":"https:\/\/www.europesays.com\/fr\/wp-json\/wp\/v2\/posts\/659539","targetHints":{"allow":["GET"]}}],"collection":[{"href":"https:\/\/www.europesays.com\/fr\/wp-json\/wp\/v2\/posts"}],"about":[{"href":"https:\/\/www.europesays.com\/fr\/wp-json\/wp\/v2\/types\/post"}],"author":[{"embeddable":true,"href":"https:\/\/www.europesays.com\/fr\/wp-json\/wp\/v2\/users\/2"}],"replies":[{"embeddable":true,"href":"https:\/\/www.europesays.com\/fr\/wp-json\/wp\/v2\/comments?post=659539"}],"version-history":[{"count":0,"href":"https:\/\/www.europesays.com\/fr\/wp-json\/wp\/v2\/posts\/659539\/revisions"}],"wp:featuredmedia":[{"embeddable":true,"href":"https:\/\/www.europesays.com\/fr\/wp-json\/wp\/v2\/media\/659540"}],"wp:attachment":[{"href":"https:\/\/www.europesays.com\/fr\/wp-json\/wp\/v2\/media?parent=659539"}],"wp:term":[{"taxonomy":"category","embeddable":true,"href":"https:\/\/www.europesays.com\/fr\/wp-json\/wp\/v2\/categories?post=659539"},{"taxonomy":"post_tag","embeddable":true,"href":"https:\/\/www.europesays.com\/fr\/wp-json\/wp\/v2\/tags?post=659539"}],"curies":[{"name":"wp","href":"https:\/\/api.w.org\/{rel}","templated":true}]}}