{"id":65954,"date":"2025-05-01T03:31:07","date_gmt":"2025-05-01T03:31:07","guid":{"rendered":"https:\/\/www.europesays.com\/fr\/65954\/"},"modified":"2025-05-01T03:31:07","modified_gmt":"2025-05-01T03:31:07","slug":"pour-marcus-thuram-les-deux-meilleurs-joueurs-du-monde-sont-des-francais-c1-demies-barca-inter-3-3","status":"publish","type":"post","link":"https:\/\/www.europesays.com\/fr\/65954\/","title":{"rendered":"Pour Marcus Thuram, les deux meilleurs joueurs du monde sont des Fran\u00e7ais &#8211; C1 &#8211; Demies &#8211; Bar\u00e7a-Inter (3-3)"},"content":{"rendered":"<p>Cocorico !<\/p>\n<p>Il ne l\u2019a pas cach\u00e9 au micro de Canal+ quelques minutes apr\u00e8s le coup de sifflet final du <a target=\"_blank\" href=\"https:\/\/www.sofoot.com\/articles\/ligue-des-champions-le-fc-barcelone-et-linter-se-rendent-coup-pour-coup-avant-le-match-retour\" rel=\"nofollow noopener\">match nul fou entre le Bar\u00e7a et l\u2019Inter (3-3)<\/a>, Marcus Thuram n\u2019\u00e9tait pas tout \u00e0 fait lucide pour faire de tr\u00e8s longues r\u00e9ponses. On ne lui en veut pas, il a lui-m\u00eame contribu\u00e9 \u00e0 cette soir\u00e9e magique en Catalogne, <a target=\"_blank\" href=\"https:\/\/www.sofoot.com\/breves\/ligue-des-champions-le-but-magnifique-et-record-de-marcus-thuram-pour-linter-contre-le-barca\" rel=\"nofollow noopener\">en inscrivant le premier but d\u2019une partie d\u2019anthologie<\/a>.<\/p>\n<p>Les copains Demb\u00e9l\u00e9 et Mbapp\u00e9 toujours devant Yamal<\/p>\n<p>\u00ab\u00a0On en sort satisfait et tr\u00e8s fatigu\u00e9. Il y a encore un match \u00e0 la maison, et j\u2019esp\u00e8re que ce sera un grand match, a-t-il pos\u00e9 avant de revenir sur son joli pion.\u00a0On a bien commenc\u00e9 le match, on a r\u00e9ussi \u00e0 trouver Dumfries sur le c\u00f4t\u00e9, le d\u00e9fenseur glisse, et c\u2019est le seul geste que je peux faire pour marquer.\u00a0\u00bb<\/p>\n<p>Interrog\u00e9 sur Lamine Yamal, ph\u00e9nom\u00e8ne de 17 ans <a target=\"_blank\" href=\"https:\/\/www.sofoot.com\/articles\/ligue-des-champions-demi-finale-aller-les-notes-de-barca-inter-milan\" rel=\"nofollow noopener\">auteur d\u2019une prestation ahurissante dans cette demi-finale aller de Ligue des champions<\/a>, Thuram a r\u00e9p\u00e9t\u00e9 qu\u2019il \u00e9tait impossible de d\u00e9fendre seul face \u00e0 un tel joueur, et qu\u2019il fallait s\u2019y mettre en \u00e9quipe.<\/p>\n<p>L\u2019Espagnol serait-il aujourd\u2019hui le meilleur joueur du monde ? L\u2019attaquant n\u2019allait tout de m\u00eame pas oublier ses compatriotes : \u00ab\u202fNon, je ne pense pas. Le meilleur joueur du monde, il est fran\u00e7ais. Le deuxi\u00e8me, aussi. Il est peut-\u00eatre troisi\u00e8me\u202f\u00bb, a-t-il gliss\u00e9 dans un sourire, en pr\u00e9cisant qu\u2019il parlait d\u2019Ousmane Demb\u00e9l\u00e9 et Kylian Mbapp\u00e9 (dans quel ordre, on ne sait pas).<\/p>\n<p>Le bon copain de Clairefontaine, toujours.<\/p>\n<p>\t\t\t\t\t\t\t\t\t\t<a class=\"lien-connexe\" href=\"https:\/\/www.sofoot.com\/articles\/ligue-des-champions-lamine-yamal-une-soiree-sublime-contre-linter-pour-son-100e-match-avec-le-fc-barcelone\" rel=\"nofollow noopener\" target=\"_blank\">Yamal, Lamine d&rsquo;or<\/a>\t\t\t\t\t<\/p>\n","protected":false},"excerpt":{"rendered":"Cocorico ! Il ne l\u2019a pas cach\u00e9 au micro de Canal+ quelques minutes apr\u00e8s le coup de sifflet&hellip;\n","protected":false},"author":2,"featured_media":65955,"comment_status":"","ping_status":"","sticky":false,"template":"","format":"standard","meta":{"footnotes":""},"categories":[9],"tags":[47,61,69,65,64,63,1011,27,68,66,62,70,67,60],"class_list":{"0":"post-65954","1":"post","2":"type-post","3":"status-publish","4":"format-standard","5":"has-post-thumbnail","7":"category-sports","8":"tag-actualite","9":"tag-actus-football","10":"tag-bundesliga","11":"tag-championnats-europeens","12":"tag-equipe-de-france","13":"tag-football","14":"tag-fr","15":"tag-france","16":"tag-ligua","17":"tag-ligue-1","18":"tag-news-foot","19":"tag-premier-league","20":"tag-serie-a","21":"tag-sports"},"share_on_mastodon":{"url":"https:\/\/pubeurope.com\/@fr\/114430468724113988","error":""},"_links":{"self":[{"href":"https:\/\/www.europesays.com\/fr\/wp-json\/wp\/v2\/posts\/65954","targetHints":{"allow":["GET"]}}],"collection":[{"href":"https:\/\/www.europesays.com\/fr\/wp-json\/wp\/v2\/posts"}],"about":[{"href":"https:\/\/www.europesays.com\/fr\/wp-json\/wp\/v2\/types\/post"}],"author":[{"embeddable":true,"href":"https:\/\/www.europesays.com\/fr\/wp-json\/wp\/v2\/users\/2"}],"replies":[{"embeddable":true,"href":"https:\/\/www.europesays.com\/fr\/wp-json\/wp\/v2\/comments?post=65954"}],"version-history":[{"count":0,"href":"https:\/\/www.europesays.com\/fr\/wp-json\/wp\/v2\/posts\/65954\/revisions"}],"wp:featuredmedia":[{"embeddable":true,"href":"https:\/\/www.europesays.com\/fr\/wp-json\/wp\/v2\/media\/65955"}],"wp:attachment":[{"href":"https:\/\/www.europesays.com\/fr\/wp-json\/wp\/v2\/media?parent=65954"}],"wp:term":[{"taxonomy":"category","embeddable":true,"href":"https:\/\/www.europesays.com\/fr\/wp-json\/wp\/v2\/categories?post=65954"},{"taxonomy":"post_tag","embeddable":true,"href":"https:\/\/www.europesays.com\/fr\/wp-json\/wp\/v2\/tags?post=65954"}],"curies":[{"name":"wp","href":"https:\/\/api.w.org\/{rel}","templated":true}]}}