{"id":65956,"date":"2025-05-01T03:32:09","date_gmt":"2025-05-01T03:32:09","guid":{"rendered":"https:\/\/www.europesays.com\/fr\/65956\/"},"modified":"2025-05-01T03:32:09","modified_gmt":"2025-05-01T03:32:09","slug":"xavier-dupont-de-ligonnes-retrouve-tout-le-monde-sen-battait-un-specialiste-explose","status":"publish","type":"post","link":"https:\/\/www.europesays.com\/fr\/65956\/","title":{"rendered":"Xavier Dupont de Ligonn\u00e8s retrouv\u00e9 ? \u201cTout le monde s\u2019en battait\u2026\u201d, un sp\u00e9cialiste explose"},"content":{"rendered":"<p class=\"p1\">Xavier Dupont de Ligonn\u00e8s est-il toujours vivant ?<br \/>\nC\u2019est la question que se posent les enqu\u00eateurs depuis le meurtre<br \/>\nsordide de sa famille, en avril 2011. Plus de 14 ans apr\u00e8s les<br \/>\nfaits, <strong>le blogueur Aqababe<\/strong> s\u2019est lanc\u00e9 \u00e0 la<br \/>\nrecherche du fugitif. Le samedi 26 avril, il a ainsi assur\u00e9 l\u2019avoir<br \/>\n<a href=\"https:\/\/www.closermag.fr\/vecu\/faits_divers\/xavier-dupont-de-ligonnes-aqababe-assure-avoir-retrouve-sa-trace-une-premiere-photo-deroutante-devoilee-3540300\" rel=\"nofollow noopener\" target=\"_blank\"><br \/>\nretrouv\u00e9 au Japon<\/a>.<\/p>\n<p class=\"p1\">En parall\u00e8le, <strong>un expert de l\u2019affaire<\/strong><br \/>\ns\u2019appr\u00eate \u00e0 d\u00e9voiler un ouvrage. Le 9 mai prochain, le psychiatre<br \/>\njudiciaire Daniel Zagury va publier L\u2019\u00c9nigme publique<br \/>\nn\u00b01\u00a0: Xavier Dupont de Ligonn\u00e8s (\u00c9d. Seuil). Un livre qui<br \/>\ns\u2019int\u00e9resse avant tout au <strong>profil du p\u00e8re de<br \/>\nfamille<\/strong>, comme le rapporte <a href=\"https:\/\/www.lepoint.fr\/societe\/ce-que-revele-l-enquete-psychique-sur-xavier-dupont-de-ligonnes-30-04-2025-2588603_23.php\" target=\"_blank\" rel=\"nofollow noopener\">Le Point<\/a>.<\/p>\n<p>Xavier Dupont de Ligonn\u00e8s, un mythe \u00e0 la<br \/>\nfran\u00e7aise<\/p>\n<p class=\"p1\">Depuis le d\u00e9but de l\u2019affaire, <a href=\"https:\/\/www.closermag.fr\/vecu\/xavier-dupont-de-ligonnes-la-psychologie-du-tueur-bientot-devoilee-au-grand-jour-grace-a-une-nouvelle-expertise-3531658\" rel=\"nofollow noopener\" target=\"_blank\"><br \/>\nDaniel Zagury<\/a> tente de comprendre comment Xavier Dupont de<br \/>\nLigonn\u00e8s aurait pu en arriver \u00e0 tuer toute sa famille. Si<br \/>\n<strong>sa psychologie<\/strong> est au c\u0153ur de ses interrogations,<br \/>\nil s\u2019est rendu compte que ce n\u2019est pas ce qui int\u00e9resse r\u00e9ellement<br \/>\nles Fran\u00e7ais. \u201cJ\u2019ai fini par comprendre que tout le monde s\u2019en<br \/>\nbattait l\u2019ail\u201d, a-t-il admis, frustr\u00e9.<\/p>\n<p class=\"p1\">Selon le psychiatre, <strong>l\u2019\u00e9nigme autour du<br \/>\nfugitif<\/strong> passionne les foules. Il a expliqu\u00e9 : \u201cLa<br \/>\nseule chose qui importait \u00e0 ceux qui m\u2019interrogeaient \u00e9tait de<br \/>\nsavoir s\u2019il \u00e9tait encore de ce monde. Je n\u2019avais pas compris la<br \/>\nplace que Dupont de Ligonn\u00e8s occupe dans l\u2019inconscient collectif, \u00e0<br \/>\nquel point son affaire est devenue un mythe fran\u00e7ais\u201d.<\/p>\n<p>Daniel Zagury : \u201cNous l\u2019aurions<br \/>\ntrouv\u00e9 path\u00e9tique et mis\u00e9rable\u201d<\/p>\n<p class=\"p1\">Pour Daniel Zagury, il ne fait aucun doute que<br \/>\n<a href=\"https:\/\/www.closermag.fr\/vecu\/xavier-dupont-de-ligonnes-une-theorie-envisagee-des-sa-disparition-reste-plus-que-jamais-dactualite-3418714\" rel=\"nofollow noopener\" target=\"_blank\"><br \/>\nXavier Dupont de Ligonn\u00e8s s\u2019est suicid\u00e9<\/a>. Le psychiatre pr\u00e9f\u00e8re<br \/>\ncependant s\u2019int\u00e9resser \u00e0 <strong>la fascination<\/strong> pour le<br \/>\nmeurtrier pr\u00e9sum\u00e9. En effet, le myst\u00e8re autour de ce qui lui est<br \/>\narriv\u00e9 fait qu\u2019il n\u2019est pas vraiment <strong>d\u00e9test\u00e9<\/strong>.<\/p>\n<p class=\"p1\">L\u2019auteur pr\u00e9cise finalement que l\u2019arrestation de<br \/>\nl\u2019homme le plus recherch\u00e9 de France aurait probablement<br \/>\n<strong>provoqu\u00e9 la d\u00e9ception<\/strong>. \u201cS\u2019il avait \u00e9t\u00e9<br \/>\nappr\u00e9hend\u00e9, la baudruche du myst\u00e8re se serait aussit\u00f4t d\u00e9gonfl\u00e9e.<br \/>\nIl aurait balbuti\u00e9 dans le pr\u00e9toire quelques explications<br \/>\npseudo-religieuses, et nous l\u2019aurions trouv\u00e9 path\u00e9tique et<br \/>\nmis\u00e9rable\u201d, a-t-il assur\u00e9. Pour le moment, le myst\u00e8re<br \/>\ndemeure.<\/p>\n","protected":false},"excerpt":{"rendered":"Xavier Dupont de Ligonn\u00e8s est-il toujours vivant ? C\u2019est la question que se posent les enqu\u00eateurs depuis le&hellip;\n","protected":false},"author":2,"featured_media":65957,"comment_status":"","ping_status":"","sticky":false,"template":"","format":"standard","meta":{"footnotes":""},"categories":[8],"tags":[548,58,59,1011,27,15638],"class_list":{"0":"post-65956","1":"post","2":"type-post","3":"status-publish","4":"format-standard","5":"has-post-thumbnail","7":"category-divertissement","8":"tag-article-simple","9":"tag-divertissement","10":"tag-entertainment","11":"tag-fr","12":"tag-france","13":"tag-xavier-dupont-de-ligonnes"},"share_on_mastodon":{"url":"https:\/\/pubeurope.com\/@fr\/114430472773451080","error":""},"_links":{"self":[{"href":"https:\/\/www.europesays.com\/fr\/wp-json\/wp\/v2\/posts\/65956","targetHints":{"allow":["GET"]}}],"collection":[{"href":"https:\/\/www.europesays.com\/fr\/wp-json\/wp\/v2\/posts"}],"about":[{"href":"https:\/\/www.europesays.com\/fr\/wp-json\/wp\/v2\/types\/post"}],"author":[{"embeddable":true,"href":"https:\/\/www.europesays.com\/fr\/wp-json\/wp\/v2\/users\/2"}],"replies":[{"embeddable":true,"href":"https:\/\/www.europesays.com\/fr\/wp-json\/wp\/v2\/comments?post=65956"}],"version-history":[{"count":0,"href":"https:\/\/www.europesays.com\/fr\/wp-json\/wp\/v2\/posts\/65956\/revisions"}],"wp:featuredmedia":[{"embeddable":true,"href":"https:\/\/www.europesays.com\/fr\/wp-json\/wp\/v2\/media\/65957"}],"wp:attachment":[{"href":"https:\/\/www.europesays.com\/fr\/wp-json\/wp\/v2\/media?parent=65956"}],"wp:term":[{"taxonomy":"category","embeddable":true,"href":"https:\/\/www.europesays.com\/fr\/wp-json\/wp\/v2\/categories?post=65956"},{"taxonomy":"post_tag","embeddable":true,"href":"https:\/\/www.europesays.com\/fr\/wp-json\/wp\/v2\/tags?post=65956"}],"curies":[{"name":"wp","href":"https:\/\/api.w.org\/{rel}","templated":true}]}}