{"id":659560,"date":"2026-01-13T00:53:17","date_gmt":"2026-01-13T00:53:17","guid":{"rendered":"https:\/\/www.europesays.com\/fr\/659560\/"},"modified":"2026-01-13T00:53:17","modified_gmt":"2026-01-13T00:53:17","slug":"ca-pourrait-nous-servir-toute-notre-vie-confie-lun-des-premiers-volontaires","status":"publish","type":"post","link":"https:\/\/www.europesays.com\/fr\/659560\/","title":{"rendered":"\u00ab\u00a0\u00c7a pourrait nous servir toute notre vie\u00a0\u00bb, confie l&rsquo;un des premiers volontaires"},"content":{"rendered":"\n<p class=\"c-chapo \">\n  C&rsquo;est aujourd&rsquo;hui le coup d&rsquo;envoi de la campagne de recrutement du nouveau service national militaire volontaire. Une volont\u00e9 d&rsquo;Emmanuel Macron, face \u00e0 la menace russe. 3000 jeunes sont concern\u00e9s cette ann\u00e9e. Avant une mont\u00e9e en puissance du nombre de recrues.\n<\/p>\n<p>      lire plus tard<\/p>\n<p id=\"dialog__title\" class=\"dialog__title\">Pour sauvegarder cet article, connectez-vous ou cr\u00e9ez un compte franceinfo<\/p>\n<p class=\"dialog__description\">Sans paiement. Sans abonnement.<\/p>\n<p>        Fermer la fen\u00eatre d\u2019activation des notifications France Info<\/p>\n<p>      cr\u00e9er votre compte<\/p>\n<p>      se connecter<\/p>\n<p>      :<\/p>\n<p>        Fermer la fen\u00eatre de pr\u00e9sentation<\/p>\n<p>    <img loading=\"lazy\" decoding=\"async\" class=\"signature__image lazyload\" width=\"100\" height=\"100\" data- alt=\"\" src=\"https:\/\/www.europesays.com\/fr\/wp-content\/uploads\/2025\/06\/illy-benjamin-portrait-670e815c90831963836905.png\"\/><\/p>\n<p>    Publi\u00e9 le 12\/01\/2026 11:22<\/p>\n<p>      Mis \u00e0 jour le 12\/01\/2026 11:23<\/p>\n<p>        Temps de lecture : 3min<\/p>\n<p>    <img decoding=\"async\"  alt=\"L'objectif de l'Arm\u00e9e de l'Air et de l'Espace est d'avoir form\u00e9 2000 aviateurs d'ici 2030 dans le cadre de ce nouveau service national. (CLEMENT MAHOUDEAU \/ AFP)\" width=\"432\" height=\"243\" src=\"https:\/\/www.europesays.com\/fr\/wp-content\/uploads\/2026\/01\/000-87al23r-6964cb27d14d9966636375.jpg\" fetchpriority=\"high\"\/><\/p>\n<p>      L&rsquo;objectif de l&rsquo;Arm\u00e9e de l&rsquo;Air et de l&rsquo;Espace est d&rsquo;avoir form\u00e9 2000 aviateurs d&rsquo;ici 2030 dans le cadre de ce nouveau service national. (CLEMENT MAHOUDEAU \/ AFP)<\/p>\n<p>L&rsquo;objectif est d&rsquo;attirer 3000 jeunes d\u00e8s cette ann\u00e9e, puis 10\u00a0000 par an en 2030, et 50\u00a0000 en 2035. Le gouvernement et l&rsquo;Etat-major de l&rsquo;arm\u00e9e fran\u00e7ais lancent lundi 12 janvier une campagne en vue de recruter plusieurs milliers de jeunes pour un <a href=\"https:\/\/www.franceinfo.fr\/societe\/armee-securite-defense\/reportage-reveil-a-6-heures-lit-au-carre-pas-de-portable-immersion-dans-le-futur-quotidien-des-volontaires-du-service-national-a-la-base-aerienne-d-orange_7664035.html\" target=\"_blank\" rel=\"noopener\">nouveau \u00ab\u00a0service national\u00a0\u00bb<\/a> r\u00e9mun\u00e9r\u00e9 d&rsquo;une dur\u00e9e de dix mois. Une initiative annonc\u00e9e en novembre par le pr\u00e9sident Emmanuel Macron pour <a href=\"https:\/\/www.franceinfo.fr\/societe\/armee-securite-defense\/service-national-face-aux-menaces-il-faut-augmenter-le-volume-de-soldats-defend-le-general-et-eurodepute-christophe-gomart_7736161.html\" target=\"_blank\" rel=\"noopener\">\u00ab\u00a0r\u00e9pondre aux besoins des arm\u00e9es\u00a0\u00bb<\/a> face aux risques accrus de conflit.<\/p>\n<p>Comme pr\u00e9sent\u00e9 par le chef de l&rsquo;Etat, le 27 novembre dernier, en d\u00e9placement \u00e0 la 27e Brigade d&rsquo;Infanterie de Montagne (BIM) de\u00a0Varces, en Is\u00e8re, ce nouveau \u00ab\u00a0service national\u00a0\u00bb militaire volontaire doit durer 10 mois et cible en priorit\u00e9 les jeunes de 18 \u00e0 25 ans. Les premiers candidats sont d\u00e9j\u00e0 re\u00e7us aux entretiens destin\u00e9s \u00e0 sonder leur motivation, comme Mathieu, volontaire dans l&rsquo;arm\u00e9e de l&rsquo;Air. \u00c0 20 ans, ce Francilien vient de terminer ses deux ans de BTS services informatiques aux organisations (SIO), qui traite de la cybers\u00e9curit\u00e9.<\/p>\n<p><strong>franceinfo : Fin novembre, le pr\u00e9sident de la R\u00e9publique a annonc\u00e9 la mise en place d&rsquo;un nouveau service national volontaire. Quelle a \u00e9t\u00e9 votre premi\u00e8re r\u00e9action ?<\/strong><\/p>\n<p><strong>Mathieu <\/strong>: C&rsquo;est une bonne id\u00e9e. Je suis un peu en recherche de ce que je veux faire au plan personnel. Je pense que l&rsquo;arm\u00e9e de l&rsquo;Air pourrait beaucoup m&rsquo;apporter en termes de rigueur et d&rsquo;exigence. Car \u00e0 20 ans, on n&rsquo;est pas toujours s\u00e9rieux, pas toujours droit dans ses bottes. Par exemple, apprendre \u00e0 se d\u00e9fendre, \u00eatre plus s\u00fbr de soi, \u00e7a nous renforce en fait. Bon, dix mois, \u00e7a peut para\u00eetre long, mais en soi, je pense que \u00e7a pourrait nous servir toute notre vie.<\/p>\n<p><strong>Vous pourriez ensuite vous engager ?<\/strong><\/p>\n<p>\u00c9ventuellement. M&rsquo;engager au sein de l&rsquo;arm\u00e9e apr\u00e8s ce service militaire, cela fait longtemps que j&rsquo;y r\u00e9fl\u00e9chis. Notamment apr\u00e8s les attentats en France. J&rsquo;ai dit \u00e0 mes parents que j&rsquo;aimerais rejoindre le RAID (unit\u00e9 d&rsquo;\u00e9lite de la Police nationale fran\u00e7aise), qui est intervenu dans le magasin\u00a0Hyper Cacher, le 9 janvier 2015. J&rsquo;ai toujours \u00e9t\u00e9 coh\u00e9rent avec cette id\u00e9e d&rsquo;engagement.<\/p>\n<p><strong>Servir, c&rsquo;est une notion importante ?<\/strong><\/p>\n<p>Servir, oui ! Et aussi, je pense surtout \u00e0 la s\u00e9curit\u00e9, celle de ma famille, mes proches, pour prot\u00e9ger les citoyens. Je pense que la jeunesse devrait aujourd&rsquo;hui se rendre compte que c&rsquo;est important d&rsquo;avoir ce genre d&rsquo;initiatives comme le service militaire volontaire. Il y a peut-\u00eatre une peur des armes, d&rsquo;une guerre, se dire que s&rsquo;engager, c&rsquo;est peut-\u00eatre partir au front&#8230;<\/p>\n<p><strong>Ce n&rsquo;est pourtant pas le cas avec ce service national volontaire puisque vous servirez sur le \u00ab\u00a0territoire national\u00a0\u00bb, comme l&rsquo;a pr\u00e9cis\u00e9 Emmanuel Macron. Au fait, vous connaissez le montant de la solde ?<\/strong><\/p>\n<p>790\u00a0euros par mois, nourris, blanchis, log\u00e9s, \u00c7a peut nous permettre du coup de faire des petites sorties, quand on a des permissions, pour aller voir la famille et les amis&#8230;<\/p>\n<p>\n          Nouveau service national militaire : l&rsquo;un des premiers volontaires raconte au micro de Benjamin Illy\n        <\/p>\n<p>\u00ab\u00a0&gt;<\/p>\n<p>      \u00e9couter (2min)<\/p>\n","protected":false},"excerpt":{"rendered":"C&rsquo;est aujourd&rsquo;hui le coup d&rsquo;envoi de la campagne de recrutement du nouveau service national militaire volontaire. Une volont\u00e9&hellip;\n","protected":false},"author":2,"featured_media":659561,"comment_status":"","ping_status":"","sticky":false,"template":"","format":"standard","meta":{"footnotes":""},"categories":[2],"tags":[11,1011,27,12,25],"class_list":{"0":"post-659560","1":"post","2":"type-post","3":"status-publish","4":"format-standard","5":"has-post-thumbnail","7":"category-actualites","8":"tag-actualites","9":"tag-fr","10":"tag-france","11":"tag-news","12":"tag-republique-francaise"},"share_on_mastodon":{"url":"https:\/\/pubeurope.com\/@fr\/115885061244440240","error":""},"_links":{"self":[{"href":"https:\/\/www.europesays.com\/fr\/wp-json\/wp\/v2\/posts\/659560","targetHints":{"allow":["GET"]}}],"collection":[{"href":"https:\/\/www.europesays.com\/fr\/wp-json\/wp\/v2\/posts"}],"about":[{"href":"https:\/\/www.europesays.com\/fr\/wp-json\/wp\/v2\/types\/post"}],"author":[{"embeddable":true,"href":"https:\/\/www.europesays.com\/fr\/wp-json\/wp\/v2\/users\/2"}],"replies":[{"embeddable":true,"href":"https:\/\/www.europesays.com\/fr\/wp-json\/wp\/v2\/comments?post=659560"}],"version-history":[{"count":0,"href":"https:\/\/www.europesays.com\/fr\/wp-json\/wp\/v2\/posts\/659560\/revisions"}],"wp:featuredmedia":[{"embeddable":true,"href":"https:\/\/www.europesays.com\/fr\/wp-json\/wp\/v2\/media\/659561"}],"wp:attachment":[{"href":"https:\/\/www.europesays.com\/fr\/wp-json\/wp\/v2\/media?parent=659560"}],"wp:term":[{"taxonomy":"category","embeddable":true,"href":"https:\/\/www.europesays.com\/fr\/wp-json\/wp\/v2\/categories?post=659560"},{"taxonomy":"post_tag","embeddable":true,"href":"https:\/\/www.europesays.com\/fr\/wp-json\/wp\/v2\/tags?post=659560"}],"curies":[{"name":"wp","href":"https:\/\/api.w.org\/{rel}","templated":true}]}}