{"id":659562,"date":"2026-01-13T00:54:22","date_gmt":"2026-01-13T00:54:22","guid":{"rendered":"https:\/\/www.europesays.com\/fr\/659562\/"},"modified":"2026-01-13T00:54:22","modified_gmt":"2026-01-13T00:54:22","slug":"henry-pollock-ce-troisieme-ligne-chambreur-encore-decisif-contre-lubb-malgre-les-sifflets-lequipe","status":"publish","type":"post","link":"https:\/\/www.europesays.com\/fr\/659562\/","title":{"rendered":"Henry Pollock, ce troisi\u00e8me-ligne chambreur encore d\u00e9cisif contre l&#039;UBB malgr\u00e9 les sifflets &#8211; L&#039;\u00c9quipe"},"content":{"rendered":"<ol>\n<li><a href=\"https:\/\/news.google.com\/rss\/articles\/CBMi1AFBVV95cUxOaVFuLUFlVG5kNGFwRjBYTWlLWDdpbGF1SVVTTWFJUGFKanppOTlNRTNKb3Y5VW1KVEVDNkZ0RTY1RWRWZkh3QWR2VkJXdDlsSFZoUmVCdXpNN2pIc01Ic0xQakVxM0lnMlN0UUlHZmtsWmFaTk14SkYxN2JSOGZOcEN6aE43T1JqaEFzZ1V6cmxrVWh6QlFDRmlpWDBjRkZxZTZmVVE5Wi1xV1pseE5uY3Rkcl9HSGZBQS1GRGc5dDJtTVVqUFRTVkhOV3JYbHpULXFKOQ?oc=5\" target=\"_blank\" rel=\"noopener\">Henry Pollock, ce troisi\u00e8me-ligne chambreur encore d\u00e9cisif contre l&rsquo;UBB malgr\u00e9 les sifflets<\/a>&nbsp;&nbsp;L&rsquo;\u00c9quipe<\/li>\n<li><a href=\"https:\/\/news.google.com\/rss\/articles\/CBMi1gFBVV95cUxQQmV1RXkzeFpxUGhtY19lZGVtdEhZOTRxTDI1cjZsNmxlU0EtTmUzcnVNWmFwU2Y3SFdHZl9GMERudEtJQm5ELU1ENFFpUndibm00cnR0NTZpaWljRzBUeTUza01EZ1BVNWhvQk9ZTXVVdTg2cUYycGlLVTZfdGxKRjZ2WVRoVVFncFBwS3c3dE9jM0hwT0pZc2lGekRuSHRKNGl0ajRCNnlPVElWaXlRS0ljN2ZaLVlwSmNtUlVjU0FVUzU4a2FCc0lKckFiZG1PdmtXV3Zn?oc=5\" target=\"_blank\" rel=\"noopener\">\u00ab\u00a0Pollock, seul contre tous\u00a0\u00bb : l\u2019opinion du Midol apr\u00e8s UBB \u2013 Northampton<\/a>&nbsp;&nbsp;Rugbyrama<\/li>\n<li><a href=\"https:\/\/news.google.com\/rss\/articles\/CBMiiAJBVV95cUxNVnRJLU9JT0dFb3U2MndXNDkwWVVQcjlraGpQNFdoYVZGZWVUWVQ3Nk1CZXpmX3p4Q3R4blBSOVZnaDlfUWRxNUlaaVFSeFlZVTRqVVZkSFFJRzk3eWFpUFZlQWt0S2Zvc3FpTVhxbGxjTVppWjA5YlMxWmhNajNlU3JFOW8yMUdxbWVzRmxDN0Fjb0xfRU1KSE1lT09BbERiY2pZZnphNFoyNUxoelk2bVd3blRaWFpFemZhQlo4dEVfNllqdmhsRFROVHhiOFBYbndyX0JXS0ZZM3JWSDUzMktnX2hQby1LYXFXOWVyRWYzY2paRENoN3p5bVNKbTA2RWdhUzVNOG4?oc=5\" target=\"_blank\" rel=\"noopener\">Qualifi\u00e9s, \u00e9limin\u00e9s, en ballotage : le point pour les clubs fran\u00e7ais avant la derni\u00e8re journ\u00e9e de Coupe des Champions<\/a>&nbsp;&nbsp;L&rsquo;\u00c9quipe<\/li>\n<li><a href=\"https:\/\/news.google.com\/rss\/articles\/CBMiiAFBVV95cUxQQS1xREtXdkx3ekpKVXR5OUhYd2luVExlS0NhSF9nMWxtd1pDYUQzWmt5Z1RMa0p0M3FObnhpTWtram9ZZlp6a2NVa2otMmduNGRJSWFBRlRSUHE3SThSVWpzWmVieV9fWG04VWJRZERidGdBWkxRWU83TVlxNGtxNFp5bExzN0FC?oc=5\" target=\"_blank\" rel=\"noopener\">L\u2019UBB roule sur Northampton<\/a>&nbsp;&nbsp;Sports.fr<\/li>\n<li><a href=\"https:\/\/news.google.com\/rss\/articles\/CBMi5wFBVV95cUxQT2Y0RzdYeW1ud2hSMkpCdGlTd2dkbVA1N2o5Z1BYTm1kMXV5cTZGcXNlcnF0MTVQVmtSSlFwNVlhSXpHb1pZT1JlVFc0OEFUaXkwSmtmd0ZFM1A1TnBkNTJzLWdOQmc3Tkh1VnZ1Ym41VXRVTDFyLUpjRHYtejY2Rml4YjJDQVcwQnAzVjZUc3VVUHhjOVVtTG4yQ1lFUDZIY1F6X2w0RWl6V2ZyaTBEZU0xNkZpSTFVY1VGR3FESXZxLUE1anY2V1dxZzRpVy15OWprVElHOGs5b1hGMTcwNXlUOFNDUlE?oc=5\" target=\"_blank\" rel=\"noopener\">DIRECT VID\u00c9O. Union Bordeaux B\u00e8gles : suivez l\u2019\u00e9mission \u00ab Top Rugby \u00bb avec Heini Adams sur TV7<\/a>&nbsp;&nbsp;Sud Ouest<\/li>\n<\/ol>\n","protected":false},"excerpt":{"rendered":"Henry Pollock, ce troisi\u00e8me-ligne chambreur encore d\u00e9cisif contre l&rsquo;UBB malgr\u00e9 les sifflets&nbsp;&nbsp;L&rsquo;\u00c9quipe \u00ab\u00a0Pollock, seul contre tous\u00a0\u00bb : l\u2019opinion&hellip;\n","protected":false},"author":2,"featured_media":659563,"comment_status":"","ping_status":"","sticky":false,"template":"","format":"standard","meta":{"footnotes":""},"categories":[2],"tags":[11,1011,27,12,25],"class_list":{"0":"post-659562","1":"post","2":"type-post","3":"status-publish","4":"format-standard","5":"has-post-thumbnail","7":"category-actualites","8":"tag-actualites","9":"tag-fr","10":"tag-france","11":"tag-news","12":"tag-republique-francaise"},"share_on_mastodon":{"url":"https:\/\/pubeurope.com\/@fr\/115885065548466513","error":""},"_links":{"self":[{"href":"https:\/\/www.europesays.com\/fr\/wp-json\/wp\/v2\/posts\/659562","targetHints":{"allow":["GET"]}}],"collection":[{"href":"https:\/\/www.europesays.com\/fr\/wp-json\/wp\/v2\/posts"}],"about":[{"href":"https:\/\/www.europesays.com\/fr\/wp-json\/wp\/v2\/types\/post"}],"author":[{"embeddable":true,"href":"https:\/\/www.europesays.com\/fr\/wp-json\/wp\/v2\/users\/2"}],"replies":[{"embeddable":true,"href":"https:\/\/www.europesays.com\/fr\/wp-json\/wp\/v2\/comments?post=659562"}],"version-history":[{"count":0,"href":"https:\/\/www.europesays.com\/fr\/wp-json\/wp\/v2\/posts\/659562\/revisions"}],"wp:featuredmedia":[{"embeddable":true,"href":"https:\/\/www.europesays.com\/fr\/wp-json\/wp\/v2\/media\/659563"}],"wp:attachment":[{"href":"https:\/\/www.europesays.com\/fr\/wp-json\/wp\/v2\/media?parent=659562"}],"wp:term":[{"taxonomy":"category","embeddable":true,"href":"https:\/\/www.europesays.com\/fr\/wp-json\/wp\/v2\/categories?post=659562"},{"taxonomy":"post_tag","embeddable":true,"href":"https:\/\/www.europesays.com\/fr\/wp-json\/wp\/v2\/tags?post=659562"}],"curies":[{"name":"wp","href":"https:\/\/api.w.org\/{rel}","templated":true}]}}