{"id":659568,"date":"2026-01-13T01:03:19","date_gmt":"2026-01-13T01:03:19","guid":{"rendered":"https:\/\/www.europesays.com\/fr\/659568\/"},"modified":"2026-01-13T01:03:19","modified_gmt":"2026-01-13T01:03:19","slug":"2026-debute-en-fanfare-avec-le-retour-du-tour-de-zwift","status":"publish","type":"post","link":"https:\/\/www.europesays.com\/fr\/659568\/","title":{"rendered":"2026 d\u00e9bute en fanfare avec le retour du Tour de Zwift"},"content":{"rendered":"<p><a class=\"media-link\" href=\"https:\/\/www.matosvelo.fr\/public\/Actu\/Zwift\/2026\/Tour_de_Zwift\/TDZ26_PR_05-gameplay-000.jpg\" target=\"_blank\" rel=\"noopener\"><img decoding=\"async\" loading=\"lazy\" alt=\"\" class=\"media\" src=\"https:\/\/www.europesays.com\/fr\/wp-content\/uploads\/2026\/01\/.TDZ26_PR_05-gameplay-000_s.jpg\" style=\"float: left; margin: 0 1em 1em 0;\" height=\"200\" width=\"270\"\/><\/a>Source : communiqu\u00e9 de presse<\/p>\n<p>Du 5 janvier au 22 f\u00e9vrier, des centaines de milliers de cyclistes et de coureurs du monde entier sont attendus pour se d\u00e9passer \u00e0 travers les neuf mondes virtuels de Zwift. Cette \u00e9dition proposera, pour chaque \u00e9tape, plusieurs formats \u2013 distances longues, standards ou courtes \u2013 accessibles aussi bien \u00e0 v\u00e9lo qu\u2019en course \u00e0 pied, en mode sortie libre ou en mode course.<\/p>\n<p>Le Tour de Zwift, c\u2019est le rendez-vous convivial de Zwift par excellence : c\u2019est l\u00e0 que la f\u00eate d\u00e9marre vraiment&#8230; Chaque Zwifteur repart avec un petit souvenir de sa participation (collection de badges, d\u00e9blocage d\u2019un nouvel \u00e9quipement&#8230;).<\/p>\n<p>Pens\u00e9 pour accompagner chacun dans l\u2019atteinte de ses objectifs de d\u00e9but d\u2019ann\u00e9e, le challenge s\u2019\u00e9tendra sur six semaines avec des sorties programm\u00e9es, tout en offrant la flexibilit\u00e9 de sorties \u00e0 la demande, afin que chaque participant puisse avancer \u00e0 son rythme et faire de cette aventure sportive une v\u00e9ritable bonne r\u00e9solution tenue.<\/p>\n<p>LE PROGRAMME\u00a0<\/p>\n<p>Pour les cyclistes, chacune des \u00e9tapes du Tour durera une semaine, et une semaine de rattrapage est pr\u00e9vue du 16 au 22 f\u00e9vrier pour les Zwifteurs n\u2019ayant pas pu finir toutes les \u00e9tapes dans les temps.<\/p>\n<p>Pour les coureurs, des \u00e9preuves plus courtes d\u2019environ 5 km seront propos\u00e9es en semaine, et une course plus longue de 10 km sera disponible le week-end.\u00a0<\/p>\n<p><a class=\"media-link\" href=\"https:\/\/www.matosvelo.fr\/public\/Actu\/Zwift\/2026\/Tour_de_Zwift\/TDZ26_PR_05-gameplay-003.jpg\" target=\"_blank\" rel=\"noopener\"><img decoding=\"async\" loading=\"lazy\" alt=\"\" class=\"media\" src=\"https:\/\/www.europesays.com\/fr\/wp-content\/uploads\/2026\/01\/.TDZ26_PR_05-gameplay-003_m.jpg\" style=\"margin: 0 auto; display: table;\" height=\"393\" width=\"700\"\/><\/a><\/p>\n<p>Les Zwifteurs les plus assidus pourront tenter l\u2019exploit de r\u00e9aliser l\u2019Ultimate Challenge : compl\u00e9ter toutes les distances (longue, standard et courte) sur les six \u00e9tapes afin de b\u00e9n\u00e9ficier d\u2019un \u00e9norme bonus de 12 500 XP et de d\u00e9bloquer la casquette Afterparty dans son garage Zwift.<\/p>\n<p>Chaque Zwifteur qui termine l\u2019Ultimate Challenge aura l\u2019opportunit\u00e9 de participer au tirage au sort pour gagner un cadre Zwift Ride Smart Frame TDZ x Pedal Mafia unique en son genre.\u00a0<\/p>\n<p><a class=\"media-link\" href=\"https:\/\/www.matosvelo.fr\/public\/Actu\/Zwift\/2026\/Tour_de_Zwift\/TDZ26_PR_05-gameplay-002.jpg\" target=\"_blank\" rel=\"noopener\"><img decoding=\"async\" loading=\"lazy\" alt=\"\" class=\"media\" src=\"https:\/\/www.europesays.com\/fr\/wp-content\/uploads\/2026\/01\/.TDZ26_PR_05-gameplay-002_m.jpg\" style=\"margin: 0 auto; display: table;\" height=\"393\" width=\"700\"\/><\/a><\/p>\n<p>Les Zwifteurs qui souhaitent porter les couleurs du Tour de Zwift dans la vraie vie peuvent se procurer le kit Tour de Zwift Zwift x Pedal Mafia en \u00e9dition limit\u00e9e.<\/p>\n<p><strong><a href=\"https:\/\/usa.pedalmafia.cc\/collections\/tour-de-zwift-2026\" target=\"_blank\" rel=\"noopener\">Ce kit est disponible dans le monde entier via Pedal Mafia ici.<\/a><\/strong><\/p>\n<p><strong><a class=\"media-link\" href=\"https:\/\/www.matosvelo.fr\/public\/Actu\/Zwift\/2026\/Tour_de_Zwift\/TDZ26_PR_05-gameplay-001.jpg\" target=\"_blank\" rel=\"noopener\"><img decoding=\"async\" loading=\"lazy\" alt=\"\" class=\"media\" src=\"https:\/\/www.europesays.com\/fr\/wp-content\/uploads\/2026\/01\/.TDZ26_PR_05-gameplay-001_m.jpg\" style=\"margin: 0 auto; display: table;\" height=\"393\" width=\"700\"\/><\/a><\/strong><\/p>\n","protected":false},"excerpt":{"rendered":"Source : communiqu\u00e9 de presse Du 5 janvier au 22 f\u00e9vrier, des centaines de milliers de cyclistes et&hellip;\n","protected":false},"author":2,"featured_media":659569,"comment_status":"","ping_status":"","sticky":false,"template":"","format":"standard","meta":{"footnotes":""},"categories":[1411],"tags":[1154,207,1011,27,60],"class_list":{"0":"post-659568","1":"post","2":"type-post","3":"status-publish","4":"format-standard","5":"has-post-thumbnail","7":"category-cyclisme","8":"tag-cycling","9":"tag-cyclisme","10":"tag-fr","11":"tag-france","12":"tag-sports"},"share_on_mastodon":{"url":"https:\/\/pubeurope.com\/@fr\/115885100635391142","error":""},"_links":{"self":[{"href":"https:\/\/www.europesays.com\/fr\/wp-json\/wp\/v2\/posts\/659568","targetHints":{"allow":["GET"]}}],"collection":[{"href":"https:\/\/www.europesays.com\/fr\/wp-json\/wp\/v2\/posts"}],"about":[{"href":"https:\/\/www.europesays.com\/fr\/wp-json\/wp\/v2\/types\/post"}],"author":[{"embeddable":true,"href":"https:\/\/www.europesays.com\/fr\/wp-json\/wp\/v2\/users\/2"}],"replies":[{"embeddable":true,"href":"https:\/\/www.europesays.com\/fr\/wp-json\/wp\/v2\/comments?post=659568"}],"version-history":[{"count":0,"href":"https:\/\/www.europesays.com\/fr\/wp-json\/wp\/v2\/posts\/659568\/revisions"}],"wp:featuredmedia":[{"embeddable":true,"href":"https:\/\/www.europesays.com\/fr\/wp-json\/wp\/v2\/media\/659569"}],"wp:attachment":[{"href":"https:\/\/www.europesays.com\/fr\/wp-json\/wp\/v2\/media?parent=659568"}],"wp:term":[{"taxonomy":"category","embeddable":true,"href":"https:\/\/www.europesays.com\/fr\/wp-json\/wp\/v2\/categories?post=659568"},{"taxonomy":"post_tag","embeddable":true,"href":"https:\/\/www.europesays.com\/fr\/wp-json\/wp\/v2\/tags?post=659568"}],"curies":[{"name":"wp","href":"https:\/\/api.w.org\/{rel}","templated":true}]}}