{"id":659570,"date":"2026-01-13T01:04:11","date_gmt":"2026-01-13T01:04:11","guid":{"rendered":"https:\/\/www.europesays.com\/fr\/659570\/"},"modified":"2026-01-13T01:04:11","modified_gmt":"2026-01-13T01:04:11","slug":"les-stars-du-barca-se-moquent-dun-real-ultra-defensif","status":"publish","type":"post","link":"https:\/\/www.europesays.com\/fr\/659570\/","title":{"rendered":"Les stars du Bar\u00e7a se moquent d&rsquo;un Real ultra-d\u00e9fensif"},"content":{"rendered":"<p>Le FC Barcelone est en f\u00eate apr\u00e8s sa<br \/>\nvictoire 3-2 face au Real Madrid en Supercoupe d&rsquo;Espagne 2026. Les<br \/>\njoueurs \u00e9taient aux anges de remporter un nouveau troph\u00e9e et<br \/>\nbeaucoup ont exprim\u00e9 leur joie devant les m\u00e9dias.<\/p>\n<p>Robert Lewandowski \u00e9tait de ceux-l\u00e0 et, selon MD, il a \u00e9galement<br \/>\nfait part de sa surprise face \u00e0 la strat\u00e9gie du Real Madrid.<\/p>\n<p>\u00ab Nous sommes tr\u00e8s heureux. C\u2019est un titre de plus et chaque<br \/>\nvictoire contre le Real Madrid est un grand match. Aujourd\u2019hui,<br \/>\nnous avons tr\u00e8s bien jou\u00e9 en premi\u00e8re et en seconde p\u00e9riode,<br \/>\ncherchant \u00e0 marquer, mais au final, nous avons gagn\u00e9, et c\u2019est le<br \/>\nplus important. J\u2019ai \u00e9t\u00e9 surpris de voir le Real Madrid jouer bas.<br \/>\n\u00bb<\/p>\n<p><a href=\"https:\/\/www.football365.fr\/wp-content\/uploads\/se\/2025\/12\/ICONSPORT_280557_0025-1.jpg\" target=\"_blank\" rel=\"noopener\"><br \/>\n<img loading=\"lazy\" decoding=\"async\" aria-describedby=\"caption-attachment-10271875\" class=\"wp-image-10271875 size-full\" src=\"https:\/\/www.europesays.com\/fr\/wp-content\/uploads\/2026\/01\/ICONSPORT_280557_0025-1.jpg\" alt=\"\" width=\"1280\" height=\"670\"  \/><br \/>\n<\/a><\/p>\n<p id=\"caption-attachment-10271875\" class=\"wp-caption-text\">J\u2019ai<br \/>\n\u00e9t\u00e9 surpris de voir le Real Madrid jouer bas<\/p>\n<p>Lewandowski a \u00e9galement fait l\u2019\u00e9loge de Raphinha, auteur du but<br \/>\nvictorieux du Bar\u00e7a \u00e0 la Cit\u00e9 sportive Roi Abdallah.<\/p>\n<p>\u00ab Rapha sait marquer des buts, il est toujours en forme.<br \/>\nNous sommes une \u00e9quipe soud\u00e9e et dangereuse. Nous avons gagn\u00e9 en<br \/>\n\u00e9quipe. \u00bb<\/p>\n<p>Raphinha s\u2019est \u00e9galement exprim\u00e9 (via MD) et a confi\u00e9 que la<br \/>\nvictoire de Barcelone aurait d\u00fb \u00eatre plus ais\u00e9e.<\/p>\n<p>\u00ab Nous savions tous ce qu\u2019il fallait faire pour gagner ce<br \/>\nmatch. Je pense que nous avons tr\u00e8s bien jou\u00e9. Nous avons parfois<br \/>\nd\u00fb davantage d\u00e9fendre, mais lorsque nous avions le ballon, nous<br \/>\navons tr\u00e8s bien g\u00e9r\u00e9 la possession. Le r\u00e9sultat final est, \u00e0 mon<br \/>\navis, assez injuste compte tenu de notre performance. \u00bb<\/p>\n<p>R\u00e9action de Marcus Rashford apr\u00e8s le premier titre de<br \/>\nBarcelone<\/p>\n<p>Marcus Rashford a \u00e9galement contribu\u00e9 \u00e0 la victoire et a exprim\u00e9<br \/>\nson opinion sur le premier troph\u00e9e remport\u00e9 sous les couleurs du FC<br \/>\nBarcelone.<\/p>\n<p>\u00ab Gagner le premier titre est toujours une sensation<br \/>\nformidable. J\u2019esp\u00e8re que nous pourrons en gagner d\u2019autres d\u2019ici la<br \/>\nfin de la saison. C\u2019\u00e9tait une belle performance. Voil\u00e0 ce dont nous<br \/>\nsommes capables. Il y a encore des points \u00e0 am\u00e9liorer, comme<br \/>\ntoujours, mais aujourd\u2019hui, nous avons pris du plaisir. \u00bb<\/p>\n<p>EN BREF<\/p>\n<ul class=\"bloc_resume_post_list\">\n<li>Robert Lewandowski a exprim\u00e9 sa surprise face \u00e0 la strat\u00e9gie<br \/>\nd\u00e9fensive du Real Madrid lors d&rsquo;un match contre le FC<br \/>\nBarcelone.<\/li>\n<li>Lewandowski a salu\u00e9 la performance de Raphinha, qui a marqu\u00e9 le<br \/>\nbut d\u00e9cisif pour Barcelone \u00e0 la Cit\u00e9 sportive Roi Abdallah.<\/li>\n<li>Marcus Rashford a partag\u00e9 sa satisfaction apr\u00e8s avoir remport\u00e9<br \/>\nson premier titre avec le FC Barcelone, soulignant l&rsquo;importance de<br \/>\ncette victoire.<\/li>\n<\/ul>\n","protected":false},"excerpt":{"rendered":"Le FC Barcelone est en f\u00eate apr\u00e8s sa victoire 3-2 face au Real Madrid en Supercoupe d&rsquo;Espagne 2026.&hellip;\n","protected":false},"author":2,"featured_media":659571,"comment_status":"","ping_status":"","sticky":false,"template":"","format":"standard","meta":{"footnotes":""},"categories":[1410],"tags":[63,1011,27,60],"class_list":{"0":"post-659570","1":"post","2":"type-post","3":"status-publish","4":"format-standard","5":"has-post-thumbnail","7":"category-football","8":"tag-football","9":"tag-fr","10":"tag-france","11":"tag-sports"},"share_on_mastodon":{"url":"https:\/\/pubeurope.com\/@fr\/115885104562118516","error":""},"_links":{"self":[{"href":"https:\/\/www.europesays.com\/fr\/wp-json\/wp\/v2\/posts\/659570","targetHints":{"allow":["GET"]}}],"collection":[{"href":"https:\/\/www.europesays.com\/fr\/wp-json\/wp\/v2\/posts"}],"about":[{"href":"https:\/\/www.europesays.com\/fr\/wp-json\/wp\/v2\/types\/post"}],"author":[{"embeddable":true,"href":"https:\/\/www.europesays.com\/fr\/wp-json\/wp\/v2\/users\/2"}],"replies":[{"embeddable":true,"href":"https:\/\/www.europesays.com\/fr\/wp-json\/wp\/v2\/comments?post=659570"}],"version-history":[{"count":0,"href":"https:\/\/www.europesays.com\/fr\/wp-json\/wp\/v2\/posts\/659570\/revisions"}],"wp:featuredmedia":[{"embeddable":true,"href":"https:\/\/www.europesays.com\/fr\/wp-json\/wp\/v2\/media\/659571"}],"wp:attachment":[{"href":"https:\/\/www.europesays.com\/fr\/wp-json\/wp\/v2\/media?parent=659570"}],"wp:term":[{"taxonomy":"category","embeddable":true,"href":"https:\/\/www.europesays.com\/fr\/wp-json\/wp\/v2\/categories?post=659570"},{"taxonomy":"post_tag","embeddable":true,"href":"https:\/\/www.europesays.com\/fr\/wp-json\/wp\/v2\/tags?post=659570"}],"curies":[{"name":"wp","href":"https:\/\/api.w.org\/{rel}","templated":true}]}}