{"id":659574,"date":"2026-01-13T01:06:25","date_gmt":"2026-01-13T01:06:25","guid":{"rendered":"https:\/\/www.europesays.com\/fr\/659574\/"},"modified":"2026-01-13T01:06:25","modified_gmt":"2026-01-13T01:06:25","slug":"the-curators-ouvre-un-espace-dans-le-marais","status":"publish","type":"post","link":"https:\/\/www.europesays.com\/fr\/659574\/","title":{"rendered":"The Curators ouvre un espace dans le Marais"},"content":{"rendered":"<p>Huit ans apr\u00e8s avoir lanc\u00e9 sa premi\u00e8re galerie dans le quartier de Bushwick \u00e0 New York, Augustin Doublet inaugurera le 5 f\u00e9vrier son second espace d&rsquo;exposition parisien, consacr\u00e9 \u00e0 la jeune peinture figurative fran\u00e7aise et internationale. The Curators est \u00e0 l&rsquo;origine un projet en duo, qui associait Augustin Doublet et la romanci\u00e8re L\u00e9a Simone Allegria. \u00ab L\u00e9a et moi\u00a0avons quitt\u00e9 New York pendant le Covid et avons poursuivi notre activit\u00e9 en ligne, explique Augustin Doublet. Mais j&rsquo;ai eu rapidement envie de reprendre un espace physique : j&rsquo;ai occup\u00e9 un\u2026<\/p>\n","protected":false},"excerpt":{"rendered":"Huit ans apr\u00e8s avoir lanc\u00e9 sa premi\u00e8re galerie dans le quartier de Bushwick \u00e0 New York, Augustin Doublet&hellip;\n","protected":false},"author":2,"featured_media":659575,"comment_status":"","ping_status":"","sticky":false,"template":"","format":"standard","meta":{"footnotes":""},"categories":[1358],"tags":[1396,1348,1384,1385,76142,20391,1386,58,59,1011,27,7455,76141,24797,1397,626,1585,20732],"class_list":{"0":"post-659574","1":"post","2":"type-post","3":"status-publish","4":"format-standard","5":"has-post-thumbnail","7":"category-arts-et-design","8":"tag-art-contemporain","9":"tag-arts","10":"tag-arts-and-design","11":"tag-arts-et-design","12":"tag-augustin-doublet","13":"tag-commissaires-dexposition","14":"tag-design","15":"tag-divertissement","16":"tag-entertainment","17":"tag-fr","18":"tag-france","19":"tag-galeries","20":"tag-jeune-creation","21":"tag-le-marais","22":"tag-marche-de-lart","23":"tag-paris","24":"tag-peinture","25":"tag-post-impressionnistes"},"share_on_mastodon":{"url":"https:\/\/pubeurope.com\/@fr\/115885112224541943","error":""},"_links":{"self":[{"href":"https:\/\/www.europesays.com\/fr\/wp-json\/wp\/v2\/posts\/659574","targetHints":{"allow":["GET"]}}],"collection":[{"href":"https:\/\/www.europesays.com\/fr\/wp-json\/wp\/v2\/posts"}],"about":[{"href":"https:\/\/www.europesays.com\/fr\/wp-json\/wp\/v2\/types\/post"}],"author":[{"embeddable":true,"href":"https:\/\/www.europesays.com\/fr\/wp-json\/wp\/v2\/users\/2"}],"replies":[{"embeddable":true,"href":"https:\/\/www.europesays.com\/fr\/wp-json\/wp\/v2\/comments?post=659574"}],"version-history":[{"count":0,"href":"https:\/\/www.europesays.com\/fr\/wp-json\/wp\/v2\/posts\/659574\/revisions"}],"wp:featuredmedia":[{"embeddable":true,"href":"https:\/\/www.europesays.com\/fr\/wp-json\/wp\/v2\/media\/659575"}],"wp:attachment":[{"href":"https:\/\/www.europesays.com\/fr\/wp-json\/wp\/v2\/media?parent=659574"}],"wp:term":[{"taxonomy":"category","embeddable":true,"href":"https:\/\/www.europesays.com\/fr\/wp-json\/wp\/v2\/categories?post=659574"},{"taxonomy":"post_tag","embeddable":true,"href":"https:\/\/www.europesays.com\/fr\/wp-json\/wp\/v2\/tags?post=659574"}],"curies":[{"name":"wp","href":"https:\/\/api.w.org\/{rel}","templated":true}]}}