{"id":659578,"date":"2026-01-13T01:09:19","date_gmt":"2026-01-13T01:09:19","guid":{"rendered":"https:\/\/www.europesays.com\/fr\/659578\/"},"modified":"2026-01-13T01:09:19","modified_gmt":"2026-01-13T01:09:19","slug":"une-relation-qui-seteint-dans-son-nouveau-clip-quand-meme","status":"publish","type":"post","link":"https:\/\/www.europesays.com\/fr\/659578\/","title":{"rendered":"une relation qui s\u2019\u00e9teint dans son nouveau clip \u00ab Quand m\u00eame \u00bb"},"content":{"rendered":"<p itemprop=\"description\"><strong>M. Pokora revient sur le devant de la sc\u00e8ne avec une nouvelle \u00e9motion dans le c\u0153ur et dans sa musique ! Le chanteur fran\u00e7ais d\u00e9voile aujourd\u2019hui le clip de son single \u00ab Quand m\u00eame \u00bb, une balade poignante o\u00f9 l\u2019artiste explore les douleurs d\u2019une relation qui s\u2019\u00e9teint.<\/strong><\/p>\n<p class=\"MsoNormal\" style=\"mso-margin-top-alt: auto; mso-margin-bottom-alt: auto; line-height: normal;\">Publi\u00e9 le 9 janvier 2026, le clip accompagne un morceau charg\u00e9 d\u2019\u00e9motion, dans lequel M. Pokora incarne un homme confront\u00e9 \u00e0 la fin d\u2019une histoire d\u2019amour. La chanson d\u00e9peint avec sensibilit\u00e9 ce moment universel o\u00f9 l\u2019on d\u00e9cide de se s\u00e9parer \u201cquand m\u00eame\u201d, malgr\u00e9 les sentiments persistants.<\/p>\n<p class=\"MsoNormal\" style=\"mso-margin-top-alt: auto; mso-margin-bottom-alt: auto; line-height: normal;\"><a href=\"https:\/\/mradio.fr\/news\/coulisses\/56009\/matt-pokora-nous-fait-un-bilan-de-son-annee-2025-avec-des-mots-tres-touchants\" target=\"_blank\" rel=\"noopener\">Dans la vid\u00e9o, l\u2019artiste appara\u00eet face \u00e0 la porte de sa bien-aim\u00e9e<\/a>, illustrant cette lutte int\u00e9rieure entre souvenirs et r\u00e9alit\u00e9. C\u2019est une sc\u00e8ne intime, presque cin\u00e9matographique, qui capte imm\u00e9diatement l\u2019attention du public.<\/p>\n<p class=\"MsoNormal\" style=\"mso-margin-top-alt: auto; mso-margin-bottom-alt: auto; line-height: normal; mso-outline-level: 3;\"><strong>Un single d\u00e9j\u00e0 appr\u00e9ci\u00e9 du public<\/strong><\/p>\n<p class=\"MsoNormal\" style=\"mso-margin-top-alt: auto; mso-margin-bottom-alt: auto; line-height: normal;\">M. Pokora n\u2019a pas choisi ce titre par hasard : selon ses propres mots sur les r\u00e9seaux, \u00ab Quand m\u00eame \u00bb est l\u2019un des morceaux qui a re\u00e7u le plus de retours \u00e9mouvants de la part des fans. Cette connexion authentique entre l\u2019artiste et son public se ressent pleinement dans cette ballade, \u00e9crite avec son collaborateur Dany Synth\u00e9 et co-sign\u00e9e par Kemmler et Jonah.<\/p>\n<p class=\"MsoNormal\" style=\"mso-margin-top-alt: auto; mso-margin-bottom-alt: auto; line-height: normal;\"><a href=\"https:\/\/mradio.fr\/news\/musique\/55817\/matt-pokora-adresse-un-message-bouleversant-a-ses-parents\" target=\"_blank\" rel=\"noopener\">Ce single arrive alors que M. Pokora poursuit sa tourn\u00e9e \u00ab Adrenaline Tour \u00bb<\/a>, lanc\u00e9e en novembre dernier et salu\u00e9e comme l\u2019un des meilleurs spectacles de sa carri\u00e8re. Sur sc\u00e8ne, il m\u00eale \u00e9nergie, technologie et proximit\u00e9 avec le public, faisant vivre ses chansons dans une atmosph\u00e8re unique.<\/p>\n<p class=\"MsoNormal\" style=\"mso-margin-top-alt: auto; mso-margin-bottom-alt: auto; line-height: normal; mso-outline-level: 3;\"><strong>Un live sur le plateau de la Star Academy<\/strong><\/p>\n<p class=\"MsoNormal\" style=\"mso-margin-top-alt: auto; mso-margin-bottom-alt: auto; line-height: normal;\">Le chanteur sera \u00e9galement invit\u00e9 sur le plateau de la Star Academy, o\u00f9 il interpr\u00e9tera ce titre en direct. Une belle occasion pour les fans de d\u00e9couvrir l\u2019intensit\u00e9 de cette chanson en live, accentuant toute sa sensibilit\u00e9 et son univers artistique.<\/p>\n<p class=\"MsoNormal\" style=\"mso-margin-top-alt: auto; mso-margin-bottom-alt: auto; line-height: normal;\">\n","protected":false},"excerpt":{"rendered":"M. Pokora revient sur le devant de la sc\u00e8ne avec une nouvelle \u00e9motion dans le c\u0153ur et dans&hellip;\n","protected":false},"author":2,"featured_media":659579,"comment_status":"","ping_status":"","sticky":false,"template":"","format":"standard","meta":{"footnotes":""},"categories":[1355],"tags":[1111,11,3723,2937,5551,1697,58,59,1011,27,1922,3722,1361,3724,873,10598,626,3725,1825,76143],"class_list":{"0":"post-659578","1":"post","2":"type-post","3":"status-publish","4":"format-standard","5":"has-post-thumbnail","7":"category-musique","8":"tag-actu","9":"tag-actualites","10":"tag-actus","11":"tag-artistes","12":"tag-chanson-francaise","13":"tag-concert","14":"tag-divertissement","15":"tag-entertainment","16":"tag-fr","17":"tag-france","18":"tag-info","19":"tag-mradio","20":"tag-music","21":"tag-musicale","22":"tag-musique","23":"tag-musique-francaise","24":"tag-paris","25":"tag-podcast","26":"tag-radio","27":"tag-radio-francaise"},"share_on_mastodon":{"url":"https:\/\/pubeurope.com\/@fr\/115885124040615909","error":""},"_links":{"self":[{"href":"https:\/\/www.europesays.com\/fr\/wp-json\/wp\/v2\/posts\/659578","targetHints":{"allow":["GET"]}}],"collection":[{"href":"https:\/\/www.europesays.com\/fr\/wp-json\/wp\/v2\/posts"}],"about":[{"href":"https:\/\/www.europesays.com\/fr\/wp-json\/wp\/v2\/types\/post"}],"author":[{"embeddable":true,"href":"https:\/\/www.europesays.com\/fr\/wp-json\/wp\/v2\/users\/2"}],"replies":[{"embeddable":true,"href":"https:\/\/www.europesays.com\/fr\/wp-json\/wp\/v2\/comments?post=659578"}],"version-history":[{"count":0,"href":"https:\/\/www.europesays.com\/fr\/wp-json\/wp\/v2\/posts\/659578\/revisions"}],"wp:featuredmedia":[{"embeddable":true,"href":"https:\/\/www.europesays.com\/fr\/wp-json\/wp\/v2\/media\/659579"}],"wp:attachment":[{"href":"https:\/\/www.europesays.com\/fr\/wp-json\/wp\/v2\/media?parent=659578"}],"wp:term":[{"taxonomy":"category","embeddable":true,"href":"https:\/\/www.europesays.com\/fr\/wp-json\/wp\/v2\/categories?post=659578"},{"taxonomy":"post_tag","embeddable":true,"href":"https:\/\/www.europesays.com\/fr\/wp-json\/wp\/v2\/tags?post=659578"}],"curies":[{"name":"wp","href":"https:\/\/api.w.org\/{rel}","templated":true}]}}