{"id":659582,"date":"2026-01-13T01:13:14","date_gmt":"2026-01-13T01:13:14","guid":{"rendered":"https:\/\/www.europesays.com\/fr\/659582\/"},"modified":"2026-01-13T01:13:14","modified_gmt":"2026-01-13T01:13:14","slug":"ligue-2-sur-quelle-chaine-tele-regarder-la-rencontre-entre-lasse-et-clermont-programmee-a-un-horaire-inhabituel-le-dauphine-libere","status":"publish","type":"post","link":"https:\/\/www.europesays.com\/fr\/659582\/","title":{"rendered":"Ligue 2 : sur quelle cha\u00eene t\u00e9l\u00e9 regarder la rencontre entre l&#039;ASSE et Clermont programm\u00e9e \u00e0 un horaire inhabituel ? &#8211; Le Dauphin\u00e9 Lib\u00e9r\u00e9"},"content":{"rendered":"<ol>\n<li><a href=\"https:\/\/news.google.com\/rss\/articles\/CBMi7AFBVV95cUxQRXRLa2JhX3hrMU8waVhqYUtydUFzSXR4RHMtd0NXS05rNURqbkFrZ19tVHZTT3M3bVpNalo2ZVFvWkpSOW0wbEhuS3lMTk0tekNBLU10bTVOSEZpWnlwLUwtRUg0dk1oTUczVGJ4Z3ZzdTc5Wm1kSnEyclY4TlBvYVFoU0FRVWZNSGw0MDlaSXpRWi1FZ3ZsR1VjYTdCZXBQaTAzSFRuLUlzdWlLNjBVOERpOC02SGoxcWRvcWV0VEIwV0tBMTdsZ1djdUozV2VIMUhFNzRwYURnTjVZNHZxMlF1dmU0T0pBN2RncQ?oc=5\" target=\"_blank\" rel=\"noopener\">Ligue 2 : sur quelle cha\u00eene t\u00e9l\u00e9 regarder la rencontre entre l&rsquo;ASSE et Clermont programm\u00e9e \u00e0 un horaire inhabituel ?<\/a>&nbsp;&nbsp;Le Dauphin\u00e9 Lib\u00e9r\u00e9<\/li>\n<li><a href=\"https:\/\/news.google.com\/rss\/articles\/CBMijwFBVV95cUxQWjNDeHhZNG1Zck4tQ3QwcjdLbGxYSzBnZ1JqV19nUF9kYmJtQ29OZEJhcUt2QVU3bVdRSW5ZRWFlZlgyZDM0anJRSVRENDVfdWxfU29sVnBveEdtU0ppbGtmR0VHdHVnQmxNN0lDUFpoajZXUDFfb1Bvc21mZ1ZsTDZCd3lISnhfVkJNZkRVaw?oc=5\" target=\"_blank\" rel=\"noopener\">Mus\u00e9e des Verts : Avant #ASSECF63 venez visiter le Mus\u00e9e des Verts<\/a>&nbsp;&nbsp;ASSE.fr<\/li>\n<li><a href=\"https:\/\/news.google.com\/rss\/articles\/CBMi8AFBVV95cUxPNzZxUVZVR2VhRm5nOTJaWURCMElycDFwYk5YOVNzWHExV2p0WHBwTXZXamZ5TzZ6dVR3V2lMSWxFdy1UNTZDR1F2Vzd4U0phMUxDVUxaLVVDRGdaMzRrUTlpUWhyQ1NnTU03U0REREl3UXhpVVFtUFktbERLRUJCVFNhaFM1Y1pNOHJXWHdIMEFMTDdla3lRZ2poa0xZMHRVVzI2UWVMS2xUR1kwR2lieTMxZV9pSEl3M3dqbTBEbHBybkZDblNpU2U5YzE2UUlxMXM0OENiMFJoN1dKMGZnclpzd2hqemZpNzE2TkFSYTY?oc=5\" target=\"_blank\" rel=\"noopener\">Ligue 2 : Aur\u00e9lien Bassement mis sur la touche par Ahmet Schaefer, le pr\u00e9sident du Clermont Foot<\/a>&nbsp;&nbsp;La Montagne<\/li>\n<li><a href=\"https:\/\/news.google.com\/rss\/articles\/CBMi1wFBVV95cUxQMTd4eGRxVkxHSDRjV1pZR3Z5QUNlTmxaU0pxV0RfY1NERjA4MnM0WEZPdkZoWWZ3UlhhR21wcFJVcnY4ZE9xMjcwLWMzTVFVS3BvVWJVVzVheXFBX0Eyai1nbTVzNC1aZ2QyQ3Z5ZmZiQlY5OG1KMjdLaGMyUlN4Qk1vUGNTX0t4UFBfRXZ2bE5feWVDUnctZWNPdlZuLUtnalhuUmFxSnhlcjRLTTYtb0pzNjNhNlV2MGxLRnpoN1o5cjVseVhfeEZ2b1ZIT2h2N2JrQ21Hdw?oc=5\" target=\"_blank\" rel=\"noopener\">Clermont Foot &#8211; Plusieurs cadres devraient manquer le choc contre l&rsquo;ASSE<\/a>&nbsp;&nbsp;Made in Saint-Etienne<\/li>\n<li><a href=\"https:\/\/news.google.com\/rss\/articles\/CBMic0FVX3lxTFA2WHRLLS1abW5Dejlid2xGeU9TT0xWaWVlc0szelpBOVpOMjJqY2ZpQktnUThoRzVER2dncFZxbTdHMkltVzRoNDVDb0hZYjhrZFJNWUprQzVGc0lNNHNxWFZKeTR1eVllTWF3UGFDMXJTc2c?oc=5\" target=\"_blank\" rel=\"noopener\">Ligue 2 : Clermont se d\u00e9placera tr\u00e8s diminu\u00e9 \u00e0 Saint-\u00c9tienne<\/a>&nbsp;&nbsp;Peuple-Vert.fr<\/li>\n<\/ol>\n","protected":false},"excerpt":{"rendered":"Ligue 2 : sur quelle cha\u00eene t\u00e9l\u00e9 regarder la rencontre entre l&rsquo;ASSE et Clermont programm\u00e9e \u00e0 un horaire&hellip;\n","protected":false},"author":2,"featured_media":659583,"comment_status":"","ping_status":"","sticky":false,"template":"","format":"standard","meta":{"footnotes":""},"categories":[9],"tags":[9443,1701,1011,27,12636,3367,517,1947,60,2205],"class_list":{"0":"post-659582","1":"post","2":"type-post","3":"status-publish","4":"format-standard","5":"has-post-thumbnail","7":"category-sports","8":"tag-asse-as-saint-etienne","9":"tag-fil-info-sport","10":"tag-fr","11":"tag-france","12":"tag-ligue-2-football","13":"tag-loire","14":"tag-sport","15":"tag-sport-national","16":"tag-sports","17":"tag-television-medias"},"share_on_mastodon":{"url":"https:\/\/pubeurope.com\/@fr\/115885139871603468","error":""},"_links":{"self":[{"href":"https:\/\/www.europesays.com\/fr\/wp-json\/wp\/v2\/posts\/659582","targetHints":{"allow":["GET"]}}],"collection":[{"href":"https:\/\/www.europesays.com\/fr\/wp-json\/wp\/v2\/posts"}],"about":[{"href":"https:\/\/www.europesays.com\/fr\/wp-json\/wp\/v2\/types\/post"}],"author":[{"embeddable":true,"href":"https:\/\/www.europesays.com\/fr\/wp-json\/wp\/v2\/users\/2"}],"replies":[{"embeddable":true,"href":"https:\/\/www.europesays.com\/fr\/wp-json\/wp\/v2\/comments?post=659582"}],"version-history":[{"count":0,"href":"https:\/\/www.europesays.com\/fr\/wp-json\/wp\/v2\/posts\/659582\/revisions"}],"wp:featuredmedia":[{"embeddable":true,"href":"https:\/\/www.europesays.com\/fr\/wp-json\/wp\/v2\/media\/659583"}],"wp:attachment":[{"href":"https:\/\/www.europesays.com\/fr\/wp-json\/wp\/v2\/media?parent=659582"}],"wp:term":[{"taxonomy":"category","embeddable":true,"href":"https:\/\/www.europesays.com\/fr\/wp-json\/wp\/v2\/categories?post=659582"},{"taxonomy":"post_tag","embeddable":true,"href":"https:\/\/www.europesays.com\/fr\/wp-json\/wp\/v2\/tags?post=659582"}],"curies":[{"name":"wp","href":"https:\/\/api.w.org\/{rel}","templated":true}]}}