{"id":659588,"date":"2026-01-13T01:16:11","date_gmt":"2026-01-13T01:16:11","guid":{"rendered":"https:\/\/www.europesays.com\/fr\/659588\/"},"modified":"2026-01-13T01:16:11","modified_gmt":"2026-01-13T01:16:11","slug":"on-est-dans-une-phase-dinversion-de-la-courbe-le-chomage-nouvelle-menace-pour-2026-le-parisien","status":"publish","type":"post","link":"https:\/\/www.europesays.com\/fr\/659588\/","title":{"rendered":"\u00ab On est dans une phase d\u2019inversion de la courbe \u00bb : le ch\u00f4mage, nouvelle menace pour 2026 ? &#8211; Le Parisien"},"content":{"rendered":"<ol>\n<li><a href=\"https:\/\/news.google.com\/rss\/articles\/CBMi-gFBVV95cUxNcnZlaHhBUnRBSlBWN3NTcXZYYXBtU2REeU11R2wwZEx5d2dfLUFReUx2NUpnczVkWmlXTDAzb3Z5NldPMDRGSktSNndzcHA4WTRJdDN6T2tyQkV2U0hvVlVrb2lPU3QwNVY2X1gyODE5dkFXeU93cGhIZENkaURySmNqeFVVcEIzTkVDWllIdldPZlNWUFZOZXlyRGZmTmVZcE5pb1piLWt3QlhfWkZNcUgwRnVDYjdCWF91TUI2V2VzMEZSM1VkMUF0YjhHQ1d1SUJVamU4dWY2MVYxcURQak1qSllxMlQ0MXJiekN2eWhuMk5NTkpZdERn?oc=5\" target=\"_blank\" rel=\"noopener\">\u00ab On est dans une phase d\u2019inversion de la courbe \u00bb : le ch\u00f4mage, nouvelle menace pour 2026 ?<\/a>&nbsp;&nbsp;Le Parisien<\/li>\n<li><a href=\"https:\/\/news.google.com\/rss\/articles\/CBMigAJBVV95cUxQUGZtVk1vX2lkTlB5MTI2VllWdnF4RTZqUUthbE9Vdng4a0wzUC1QSV9YTDZjclQzM1hUdUR4eG1zZDM1dVdoZlhyaVJ1dEUxaENZRVI5Uk05bmhzNHlnTlFFNFhXSk80WjhyYzgxR0FzVC1VVU0tUmJ6MEoyU190RjhyUzlCdWtVZ1M3X0FBeXlkc0tzdlBLZWh1VDBIZE94a3RHbGRScXJuSWJ4b1dEZzF3VGx0MzRaLXNHT3lodkpVX1hKemZzTld2cjlJWWNkYW9mNXVQZUtfU2ktUVcwS2lKcmdva3dNTC01VGNQVEkwU3Z5YXdfQzBKNzRjOGFy?oc=5\" target=\"_blank\" rel=\"noopener\">Plus d&rsquo;une entreprise sur deux pr\u00e9voit de recruter en France en 2026 malgr\u00e9 les difficult\u00e9s qu&rsquo;elles envisagent de rencontrer<\/a>&nbsp;&nbsp;Capital.fr<\/li>\n<li><a href=\"https:\/\/news.google.com\/rss\/articles\/CBMikgJBVV95cUxNRFRlNW83S24xUV9ZOXBHcDZEQmRhY3poaEkwV0dwbzRyVG53U3ZLNmozNmQ2S2NaT05EN3RHTkNVUlRaQ2N1MnJqNlJkM0NLYkJtVXV0WkhIcERqZWhFWGRZYnNNdUpWTHVXQ2ZLRUt4R3BJcWFJamY0Sl9IZ3B6amtpcXg4OWNPMzF2S2lxQm4xZTZUenZyVzNPRUxINnNZejhGNnN3U2lBclFqd0FqVXhCSEowWEw2SC1sWklhcnpOM3QtLVdqcVZORzdnaW9VZ19UTUZQOWZIRG5TQzV2azdSMjNral9QOHBwdDJJOE0tNl9JLUZ0NnlXYU0xbnFVWEUybkxTTWtwWUZzdm9OLTNR?oc=5\" target=\"_blank\" rel=\"noopener\">IWG d\u00e9voile les tendances du monde du travail 2026 : IA, flexibilit\u00e9 et nouvelle g\u00e9ographie du travail<\/a>&nbsp;&nbsp;TendanceHotellerie<\/li>\n<li><a href=\"https:\/\/news.google.com\/rss\/articles\/CBMiW0FVX3lxTE9FN3dDTllWZTdGNmVmZ2tkVWZuYWw1ejFnOS10aWVMSWtIZ0hQcFFRSkprYnRZOWE5U0dYMDJzVWJDcXlsV2RiREpRcmpFTGlDclpoaDVLd2pmQ3M?oc=5\" target=\"_blank\" rel=\"noopener\">Ces dossiers prioritaires qui vont occuper les RH en 2026<\/a>&nbsp;&nbsp;Helloworkplace<\/li>\n<li><a href=\"https:\/\/news.google.com\/rss\/articles\/CBMieEFVX3lxTE9IWGhZOFZrSVZiR2lnLVBzMUtBTFFRZjdmckNzQ2lGeEtBWGlvZzA0U1pkR20teEs1Q1k3dHA2R29jd0VmUEx2VE1sdW1EMXFvcS1EbVNmWTI2Vmd6Q0FTb2tCT1BmU3VvR1M5WmJUemdhMlJzdmNMMg?oc=5\" target=\"_blank\" rel=\"noopener\">Les tendances RH \u00e0 surveiller en 2026<\/a>&nbsp;&nbsp;Jobillico<\/li>\n<\/ol>\n","protected":false},"excerpt":{"rendered":"\u00ab On est dans une phase d\u2019inversion de la courbe \u00bb : le ch\u00f4mage, nouvelle menace pour 2026&hellip;\n","protected":false},"author":2,"featured_media":395849,"comment_status":"","ping_status":"","sticky":false,"template":"","format":"standard","meta":{"footnotes":""},"categories":[6],"tags":[35,33,34,1011,27],"class_list":{"0":"post-659588","1":"post","2":"type-post","3":"status-publish","4":"format-standard","5":"has-post-thumbnail","7":"category-economie","8":"tag-business","9":"tag-economie","10":"tag-economy","11":"tag-fr","12":"tag-france"},"share_on_mastodon":{"url":"","error":""},"_links":{"self":[{"href":"https:\/\/www.europesays.com\/fr\/wp-json\/wp\/v2\/posts\/659588","targetHints":{"allow":["GET"]}}],"collection":[{"href":"https:\/\/www.europesays.com\/fr\/wp-json\/wp\/v2\/posts"}],"about":[{"href":"https:\/\/www.europesays.com\/fr\/wp-json\/wp\/v2\/types\/post"}],"author":[{"embeddable":true,"href":"https:\/\/www.europesays.com\/fr\/wp-json\/wp\/v2\/users\/2"}],"replies":[{"embeddable":true,"href":"https:\/\/www.europesays.com\/fr\/wp-json\/wp\/v2\/comments?post=659588"}],"version-history":[{"count":0,"href":"https:\/\/www.europesays.com\/fr\/wp-json\/wp\/v2\/posts\/659588\/revisions"}],"wp:featuredmedia":[{"embeddable":true,"href":"https:\/\/www.europesays.com\/fr\/wp-json\/wp\/v2\/media\/395849"}],"wp:attachment":[{"href":"https:\/\/www.europesays.com\/fr\/wp-json\/wp\/v2\/media?parent=659588"}],"wp:term":[{"taxonomy":"category","embeddable":true,"href":"https:\/\/www.europesays.com\/fr\/wp-json\/wp\/v2\/categories?post=659588"},{"taxonomy":"post_tag","embeddable":true,"href":"https:\/\/www.europesays.com\/fr\/wp-json\/wp\/v2\/tags?post=659588"}],"curies":[{"name":"wp","href":"https:\/\/api.w.org\/{rel}","templated":true}]}}