{"id":65960,"date":"2025-05-01T03:34:10","date_gmt":"2025-05-01T03:34:10","guid":{"rendered":"https:\/\/www.europesays.com\/fr\/65960\/"},"modified":"2025-05-01T03:34:10","modified_gmt":"2025-05-01T03:34:10","slug":"etats-unis-la-croissance-cassee-par-donald-trump-mediapart","status":"publish","type":"post","link":"https:\/\/www.europesays.com\/fr\/65960\/","title":{"rendered":"\u00c9tats-Unis : la croissance cass\u00e9e par Donald Trump &#8211; Mediapart"},"content":{"rendered":"<ol>\n<li><a href=\"https:\/\/news.google.com\/rss\/articles\/CBMipAFBVV95cUxQNFBMNW5OMTdHZzFIa3NHRDI1b1FFTzM4NXNmdGpTWHMzMm4xSFZoR0QzajUxYnpFelRiazFMMFNrbms4REVNbFJSdEZfSTdkTEhuWGpGTERUZUxtUG9TTmduQ1B5QlpaQlRzVHZTUVZzUElfeHgzd2RPZjdiekxtT19uREV6OERGTXBVS2wwZXEzUGEzMS1fcjJiMmdJdi1lRFVyZg?oc=5\" target=\"_blank\" rel=\"noopener\">\u00c9tats-Unis : la croissance cass\u00e9e par Donald Trump<\/a>&nbsp;&nbsp;Mediapart<\/li>\n<li><a href=\"https:\/\/news.google.com\/rss\/articles\/CBMisgFBVV95cUxQWEtZU21oNUVLU21sSVhuOFhRMVhESm1vM2NlMDdPTERDRG5URU1TQTBaUXZMeDJ6WXloSThqZDcwX1NiMG5MemVYZk1YY2xOeTF5M2pZZ3lkVGRnNzR3SG1id1VFOGg1TmdXWlNVZ1hiWl9fSlhDOTRtU0UwRmFlSmZDaEk0SVk5aE5obFVDRjhEbFNPeGhBUEplTVVlaTBzLVVKd2tRcGlPblFqY2s2S2V3?oc=5\" target=\"_blank\" rel=\"noopener\">Recul surprise du PIB am\u00e9ricain au d\u00e9but du mandat de Donald Trump, qui s\u2019en prend \u00e0 Joe Biden<\/a>&nbsp;&nbsp;Le Figaro<\/li>\n<li><a href=\"https:\/\/news.google.com\/rss\/articles\/CBMi0wFBVV95cUxOLW1iSkI4c3p1R082WXZna3ZOaUNWMXRFQXcxRWE5NkF3R1BBdVdrczBNRUJGTFpJWWl6bG5HcVNGZTk2QWRFa08xaWVORURacHlyWkxPa2xrTkJoMXF6OVpzR1VlTlplSkFlM0I5dVk5N3BSZ05pejZrTG9FR25uaFpOdW5HUmdGMWplLVdiY1lHczV5NllzNFZrd1pwRVRzdGVYR0tLSDMxSVdiTk9QSDcyejR1MEJfR0hqVUplS1l0Z3dNTl81azgwMC1iekpacU00?oc=5\" target=\"_blank\" rel=\"noopener\">\u00c9tats-Unis : recul surprise de la croissance &#8211; 30\/04<\/a>&nbsp;&nbsp;BFMTV<\/li>\n<li><a href=\"https:\/\/news.google.com\/rss\/articles\/CBMiwgFBVV95cUxONmlmS1lNbFFxY1NyZW1KdGNBcXRPWnMyUkpoZFJaQ1BCV3J1T0pMcjBLVGQwMUUxeHRBLTVyZFV4WmxvM1J0VnFid2VkV29RZHFQNzhhX3BySTFQNmJFN05hc2s0NDRpLWE4SFo2WGpsaml4QjlrOU9QWHBUY2xXY3ZWMUJWY0NMbFdDTjBIR05LRk1KU1VfNGw5bi14LVFNYVp5UEFJME5QSmRIN0p4dEZxNW91ZnpURWxHMmhON1hwZ9IBxwFBVV95cUxQa2xKbWVUOGhjRUtiTm96a1VoR3BpbkJWSWR5MVFvWFpGQUFxR2N6WHBwOExkUVZ2aUR2Y0pFWFFhSWMyLXpoU0QtZGR4NkVvS2ZsaHBYc1RHLTh4blZwTU0xQWpjZmFjQ3hPdlJZODA5RUV6WE1HNy13enhWN05ITVl3aGU5eGlYeDN2dTh0M25mR1pRVFFLYVgxdEJlWk5reGprUjdleHA5eThYNFdTNHE1UkZQZ2Y4Y29RWU11UXVPODBBSjBn?oc=5\" target=\"_blank\" rel=\"noopener\">Wall Street termine sans direction claire, chahut\u00e9e par des donn\u00e9es \u00e9conomiques&#8230;<\/a>&nbsp;&nbsp;Fortuneo Bourse<\/li>\n<li><a href=\"https:\/\/news.google.com\/rss\/articles\/CBMi1gFBVV95cUxQU2xSVXBwc2N4TEw3OU1jc0Z0Xy1WVGtOdzcyVUxzZFM5MXFONzdsUVlRNkhfWXlsUkRPVm1OYktxN3pqc0wyVmN6d0FfRURMYWkzMnNQNzhhWElxcGlDbmxEUEJMOUtUVHJZWlBWMS1SSnFGdXdvZEtpM3hOMDhHWjdsTEpRYWVWN1FWMW91WUVzdFBlTi1Id3AxYTBwaGNqMGpvY01hbXJMSFBjeVdsQlBqb0JFRWlETjNRZ2FTMGVNQnJYRzgzUnZGYTY2U1RlemJFbFZR?oc=5\" target=\"_blank\" rel=\"noopener\">Le PIB am\u00e9ricain est en baisse, et la presse pointe du doigt la responsabilit\u00e9 de Trump<\/a>&nbsp;&nbsp;Courrier international<\/li>\n<\/ol>\n","protected":false},"excerpt":{"rendered":"\u00c9tats-Unis : la croissance cass\u00e9e par Donald Trump&nbsp;&nbsp;Mediapart Recul surprise du PIB am\u00e9ricain au d\u00e9but du mandat de&hellip;\n","protected":false},"author":2,"featured_media":65961,"comment_status":"","ping_status":"","sticky":false,"template":"","format":"standard","meta":{"footnotes":""},"categories":[6],"tags":[782,35,75,33,34,73,1011,27],"class_list":{"0":"post-65960","1":"post","2":"type-post","3":"status-publish","4":"format-standard","5":"has-post-thumbnail","7":"category-economie","8":"tag-ameriques","9":"tag-business","10":"tag-donald-trump","11":"tag-economie","12":"tag-economy","13":"tag-etats-unis","14":"tag-fr","15":"tag-france"},"share_on_mastodon":{"url":"https:\/\/pubeurope.com\/@fr\/114430480604483304","error":""},"_links":{"self":[{"href":"https:\/\/www.europesays.com\/fr\/wp-json\/wp\/v2\/posts\/65960","targetHints":{"allow":["GET"]}}],"collection":[{"href":"https:\/\/www.europesays.com\/fr\/wp-json\/wp\/v2\/posts"}],"about":[{"href":"https:\/\/www.europesays.com\/fr\/wp-json\/wp\/v2\/types\/post"}],"author":[{"embeddable":true,"href":"https:\/\/www.europesays.com\/fr\/wp-json\/wp\/v2\/users\/2"}],"replies":[{"embeddable":true,"href":"https:\/\/www.europesays.com\/fr\/wp-json\/wp\/v2\/comments?post=65960"}],"version-history":[{"count":0,"href":"https:\/\/www.europesays.com\/fr\/wp-json\/wp\/v2\/posts\/65960\/revisions"}],"wp:featuredmedia":[{"embeddable":true,"href":"https:\/\/www.europesays.com\/fr\/wp-json\/wp\/v2\/media\/65961"}],"wp:attachment":[{"href":"https:\/\/www.europesays.com\/fr\/wp-json\/wp\/v2\/media?parent=65960"}],"wp:term":[{"taxonomy":"category","embeddable":true,"href":"https:\/\/www.europesays.com\/fr\/wp-json\/wp\/v2\/categories?post=65960"},{"taxonomy":"post_tag","embeddable":true,"href":"https:\/\/www.europesays.com\/fr\/wp-json\/wp\/v2\/tags?post=65960"}],"curies":[{"name":"wp","href":"https:\/\/api.w.org\/{rel}","templated":true}]}}