{"id":659602,"date":"2026-01-13T01:24:15","date_gmt":"2026-01-13T01:24:15","guid":{"rendered":"https:\/\/www.europesays.com\/fr\/659602\/"},"modified":"2026-01-13T01:24:15","modified_gmt":"2026-01-13T01:24:15","slug":"a-la-garde-les-enfants-mettent-la-main-a-la-terre","status":"publish","type":"post","link":"https:\/\/www.europesays.com\/fr\/659602\/","title":{"rendered":"\u00c0 La Garde, les enfants mettent la main \u00e0 la terre !"},"content":{"rendered":"<p>                    <img loading=\"lazy\" decoding=\"async\" src=\"https:\/\/www.europesays.com\/fr\/wp-content\/uploads\/2026\/01\/62a5a58dd8ee7a60042c72d245bc0e.jpg\" class=\"img-responsive post-image\" width=\"680\" height=\"510\" alt=\"\u00c0 La Garde, les enfants\" title=\"\u00c0 La Garde, les enfants mettent la main \u00e0 la terre !\"\/><\/p>\n<p class=\"chapo\">R\u00e9cemment, les jeunes du centre de loisirs ont particip\u00e9 \u00e0 un atelier de plantation sur l\u2019all\u00e9e des Droits de l\u2019Enfant.<\/p>\n<p>Une belle matin\u00e9e plac\u00e9e sous le signe de la nature, encadr\u00e9e par les paysagistes de la Soci\u00e9t\u00e9 Proven\u00e7ale de Paysage et les architectes de Rougerie et Tangram, en charge du projet C\u0153ur de Ville. Au-del\u00e0 du simple plaisir de jardiner, cette activit\u00e9 s\u2019inscrivait dans une <strong>d\u00e9marche p\u00e9dagogique forte<\/strong> qui est de sensibiliser les enfants \u00e0 l\u2019environnement et leur faire comprendre l\u2019importance de la v\u00e9g\u00e9talisation urbaine. <br class=\"texte\"\/><br \/>\nAvant de planter, les jeunes participants ont \u00e9chang\u00e9 autour de questions essentielles\u00a0: Pourquoi plante-t-on des v\u00e9g\u00e9taux\u00a0? Comment contribuent-ils \u00e0 rafra\u00eechir la ville, favoriser la biodiversit\u00e9 ou embellir notre cadre de vie\u00a0?<br class=\"autobr\"\/><br \/>\nChaque enfant s\u2019est, ensuite, vu confier une ou deux plantes vivaces \u2014 Ballote, Cistus, Fenouil, Scabieuse de Gr\u00e8ce, Immortelle d\u2019Italie, Romarin, Santoline ou encore Verveine \u2014 qu\u2019il a plant\u00e9es avec soin. Pour cl\u00f4turer cette matin\u00e9e verte, chacun est reparti fier de son travail, muni d\u2019un certificat de plantation accompagn\u00e9 d\u2019une fiche botanique de sa plante.<br class=\"autobr\"\/><br \/>\n\u00ab\u00a0Ce type d\u2019atelier permet aux enfants de devenir de v\u00e9ritables acteurs du respect et de l\u2019entretien des espaces verts\u00a0\u00bb, a soulign\u00e9 <strong>Mme\u00a0Bill<\/strong>, maire de La Garde, ravie de voir cette initiative citoyenne et \u00e9ducative prendre racine dans le c\u0153ur des plus jeunes.<\/p>\n<p>Photo de Une \u00a9PRESSE AGENCE<\/p>\n","protected":false},"excerpt":{"rendered":"R\u00e9cemment, les jeunes du centre de loisirs ont particip\u00e9 \u00e0 un atelier de plantation sur l\u2019all\u00e9e des Droits&hellip;\n","protected":false},"author":2,"featured_media":659603,"comment_status":"","ping_status":"","sticky":false,"template":"","format":"standard","meta":{"footnotes":""},"categories":[9619],"tags":[1111,11,2408,1777,674,1011,27,12,882,25,2310],"class_list":{"0":"post-659602","1":"post","2":"type-post","3":"status-publish","4":"format-standard","5":"has-post-thumbnail","7":"category-toulon","8":"tag-actu","9":"tag-actualites","10":"tag-appels-d","11":"tag-eu","12":"tag-europe","13":"tag-fr","14":"tag-france","15":"tag-news","16":"tag-provence-alpes-cote-dazur","17":"tag-republique-francaise","18":"tag-toulon"},"share_on_mastodon":{"url":"https:\/\/pubeurope.com\/@fr\/115885183097027446","error":""},"_links":{"self":[{"href":"https:\/\/www.europesays.com\/fr\/wp-json\/wp\/v2\/posts\/659602","targetHints":{"allow":["GET"]}}],"collection":[{"href":"https:\/\/www.europesays.com\/fr\/wp-json\/wp\/v2\/posts"}],"about":[{"href":"https:\/\/www.europesays.com\/fr\/wp-json\/wp\/v2\/types\/post"}],"author":[{"embeddable":true,"href":"https:\/\/www.europesays.com\/fr\/wp-json\/wp\/v2\/users\/2"}],"replies":[{"embeddable":true,"href":"https:\/\/www.europesays.com\/fr\/wp-json\/wp\/v2\/comments?post=659602"}],"version-history":[{"count":0,"href":"https:\/\/www.europesays.com\/fr\/wp-json\/wp\/v2\/posts\/659602\/revisions"}],"wp:featuredmedia":[{"embeddable":true,"href":"https:\/\/www.europesays.com\/fr\/wp-json\/wp\/v2\/media\/659603"}],"wp:attachment":[{"href":"https:\/\/www.europesays.com\/fr\/wp-json\/wp\/v2\/media?parent=659602"}],"wp:term":[{"taxonomy":"category","embeddable":true,"href":"https:\/\/www.europesays.com\/fr\/wp-json\/wp\/v2\/categories?post=659602"},{"taxonomy":"post_tag","embeddable":true,"href":"https:\/\/www.europesays.com\/fr\/wp-json\/wp\/v2\/tags?post=659602"}],"curies":[{"name":"wp","href":"https:\/\/api.w.org\/{rel}","templated":true}]}}