{"id":659606,"date":"2026-01-13T01:26:14","date_gmt":"2026-01-13T01:26:14","guid":{"rendered":"https:\/\/www.europesays.com\/fr\/659606\/"},"modified":"2026-01-13T01:26:14","modified_gmt":"2026-01-13T01:26:14","slug":"je-minforme-sur-la-formation-aux-musiques-actuelles-a-montpellier","status":"publish","type":"post","link":"https:\/\/www.europesays.com\/fr\/659606\/","title":{"rendered":"Je m\u2019informe sur la formation aux musiques actuelles \u00e0 Montpellier"},"content":{"rendered":"<p>Les professionnels des musiques actuelles sont invit\u00e9s \u00e0 une r\u00e9union d\u2019information collective ce jeudi 15\u00a0janvier, de 10h \u00e0 12h, \u00e0 l\u2019agence France Travail Montpellier C\u00e9vennes. Objectif\u00a0: pr\u00e9senter une formation financ\u00e9e par la R\u00e9gion Occitanie d\u00e9di\u00e9e aux tourneurs, managers et producteurs en activit\u00e9.<\/p>\n<p>Dans un secteur en constante \u00e9volution, marqu\u00e9 par la diversit\u00e9 des financements, l\u2019innovation technologique et l\u2019\u00e9mergence de nouvelles pratiques professionnelles, cette formation vise \u00e0 renforcer les comp\u00e9tences strat\u00e9giques et op\u00e9rationnelles des acteurs de la fili\u00e8re, afin de structurer et p\u00e9renniser leurs projets.<\/p>\n<p>La r\u00e9union se d\u00e9roulera en pr\u00e9sence de Illusion &amp; Macadam, qui pr\u00e9sentera le contenu, les modalit\u00e9s de s\u00e9lection et l\u2019organisation du parcours. \u00c0 noter\u00a0: pour b\u00e9n\u00e9ficier d\u2019une place financ\u00e9e, le projet de formation devra \u00eatre valid\u00e9 en amont par un conseiller France Travail.<\/p>\n<p><strong>Inscription obligatoire <a href=\"https:\/\/mesevenementsemploi.francetravail.fr\/mes-evenements-emploi\/evenement\/555782\/formation-tourneurs-manageurs-producteurs-d-artistes-montpellier\" class=\"spip_out\" rel=\"external noopener\" target=\"_blank\">ici<\/a><\/strong><\/p>\n","protected":false},"excerpt":{"rendered":"Les professionnels des musiques actuelles sont invit\u00e9s \u00e0 une r\u00e9union d\u2019information collective ce jeudi 15\u00a0janvier, de 10h \u00e0&hellip;\n","protected":false},"author":2,"featured_media":24040,"comment_status":"","ping_status":"","sticky":false,"template":"","format":"standard","meta":{"footnotes":""},"categories":[9599],"tags":[1111,11,341,1777,674,1119,1011,27,8688,2208,12,2680,25,3140],"class_list":{"0":"post-659606","1":"post","2":"type-post","3":"status-publish","4":"format-standard","5":"has-post-thumbnail","7":"category-montpellier","8":"tag-actu","9":"tag-actualites","10":"tag-emploi","11":"tag-eu","12":"tag-europe","13":"tag-formation","14":"tag-fr","15":"tag-france","16":"tag-france-travail-occitanie","17":"tag-montpellier","18":"tag-news","19":"tag-occitanie","20":"tag-republique-francaise","21":"tag-spectacle"},"share_on_mastodon":{"url":"https:\/\/pubeurope.com\/@fr\/115885190919641594","error":""},"_links":{"self":[{"href":"https:\/\/www.europesays.com\/fr\/wp-json\/wp\/v2\/posts\/659606","targetHints":{"allow":["GET"]}}],"collection":[{"href":"https:\/\/www.europesays.com\/fr\/wp-json\/wp\/v2\/posts"}],"about":[{"href":"https:\/\/www.europesays.com\/fr\/wp-json\/wp\/v2\/types\/post"}],"author":[{"embeddable":true,"href":"https:\/\/www.europesays.com\/fr\/wp-json\/wp\/v2\/users\/2"}],"replies":[{"embeddable":true,"href":"https:\/\/www.europesays.com\/fr\/wp-json\/wp\/v2\/comments?post=659606"}],"version-history":[{"count":0,"href":"https:\/\/www.europesays.com\/fr\/wp-json\/wp\/v2\/posts\/659606\/revisions"}],"wp:featuredmedia":[{"embeddable":true,"href":"https:\/\/www.europesays.com\/fr\/wp-json\/wp\/v2\/media\/24040"}],"wp:attachment":[{"href":"https:\/\/www.europesays.com\/fr\/wp-json\/wp\/v2\/media?parent=659606"}],"wp:term":[{"taxonomy":"category","embeddable":true,"href":"https:\/\/www.europesays.com\/fr\/wp-json\/wp\/v2\/categories?post=659606"},{"taxonomy":"post_tag","embeddable":true,"href":"https:\/\/www.europesays.com\/fr\/wp-json\/wp\/v2\/tags?post=659606"}],"curies":[{"name":"wp","href":"https:\/\/api.w.org\/{rel}","templated":true}]}}