{"id":659607,"date":"2026-01-13T01:27:11","date_gmt":"2026-01-13T01:27:11","guid":{"rendered":"https:\/\/www.europesays.com\/fr\/659607\/"},"modified":"2026-01-13T01:27:11","modified_gmt":"2026-01-13T01:27:11","slug":"a-montpellier-les-epiceries-de-nuit-sous-haute-surveillance","status":"publish","type":"post","link":"https:\/\/www.europesays.com\/fr\/659607\/","title":{"rendered":"\u00e0 Montpellier, les \u00e9piceries de nuit sous haute surveillance"},"content":{"rendered":"<p>                    Par<br \/>\n        <strong><br \/>\n            <a href=\"https:\/\/actu.fr\/auteur\/jm-aubert\" title=\"Consulter tous les articles de Jean-Marc Aubert\" target=\"_blank\" rel=\"noopener\">Jean-Marc Aubert<\/a><br \/>\n                    <\/strong><\/p>\n<p>        Publi\u00e9 le<\/p>\n<p>            12 janv. 2026 \u00e0 19h26        <\/p>\n<p>Face \u00e0 la <strong>multiplication des nuisances nocturnes<\/strong> li\u00e9es aux <strong>\u00e9piceries de nuit<\/strong> et \u00e0 la <strong>vente \u00e0 emporter de boissons alcoolis\u00e9es<\/strong>, la Ville de Montpellier met en place un nouvel arr\u00eat\u00e9 municipal encadrant les horaires d\u2019ouverture et de fermeture des \u00e9tablissements ainsi que la vente d\u2019alcool \u00e0 emporter. L\u2019annonce a \u00e9t\u00e9 faite ce lundi 12 janvier 2026 en soir\u00e9e.<\/p>\n<p class=\" wall-content\">\u00ab\u00a0Cette r\u00e9glementation vise \u00e0 pr\u00e9server la tranquillit\u00e9 publique, la salubrit\u00e9, la s\u00e9curit\u00e9 et la libert\u00e9 de circulation sur l\u2019espace public. Elle r\u00e9pond aux constats r\u00e9currents : nuisance sonores li\u00e9es aux regroupements tardifs sur la voie publique, consommation excessive d\u2019alcool, d\u00e9gradations de l\u2019espace public, stationnements anarchiques et infractions r\u00e9p\u00e9t\u00e9es \u00e0 la r\u00e9glementation, notamment en mati\u00e8re de vente d\u2019alcool, de <strong>protoxyde d\u2019azote<\/strong> et de tabac de contrebande. Ces ph\u00e9nom\u00e8nes sont particuli\u00e8rement marqu\u00e9s en fin de semaine\u00a0\u00bb, souligne le cabinet de <strong>Micha\u00ebl Delafosse<\/strong>, maire de <strong>Montpellier<\/strong> et pr\u00e9sident de la M\u00e9tropole.<\/p>\n<p class=\" wall-content\">D\u00e9j\u00e0 en 2025, la Ville de Montpellier a engag\u00e9 la premi\u00e8re phase du r\u00e9am\u00e9nagement de la rue de Las Sorbes, dans le quartier de Celleneuve, marqu\u00e9e par la d\u00e9construction d\u2019anciens locaux commerciaux \u00e0 l\u2019origine de nombreuses nuisances, notamment en raison de trafic divers. Dans le m\u00eame temps, la Ville a pris un arr\u00eat\u00e9 municipal visant \u00e0 encadrer strictement la vente \u00e0 emporter de bi\u00e8res conditionn\u00e9es en r\u00e9cipients individuels, afin de lutter contre les ph\u00e9nom\u00e8nes de consommation excessive d\u2019alcool et les troubles \u00e0 l\u2019ordre public. Un arr\u00eat\u00e9 qui est donc renforc\u00e9 \u00e0 compter de ce soir.<\/p>\n<p>Les nouvelles mesures applicables<\/p>\n<p class=\" wall-content\">Fermeture des \u00e9piceries de nuit de 22h \u00e0 6h, du jeudi soir au lundi matin inclus, tout au long de l\u2019ann\u00e9e au sein des secteurs cibl\u00e9s par l\u2019arr\u00eat\u00e9<br \/>\u2022 Interdiction de la vente de boissons alcoolis\u00e9es \u00e0 emporter de 22h \u00e0 6h toutes les nuits de la semaine pour les titulaires de licences \u00e0 emporter des groupes 3 \u00e0 5, dans les p\u00e9rim\u00e8tres d\u00e9finis,\u00a0de 22h \u00e0 6h du lundi soir au jeudi matin inclus pour les \u00e9piceries de nuit<br \/>\u2022 Les exploitants sont tenus de rendre les boissons alcoolis\u00e9es inaccessibles \u00e0 la client\u00e8le durant les horaires d\u2019interdictions.<\/p>\n<p>Vid\u00e9os : en ce moment sur Actu<\/p>\n<p class=\" wall-content\">Par ces mesures, la Ville de Montpellier r\u00e9affirme sa d\u00e9termination \u00e0 lutter contre les nuisances nocturnes, \u00e0 pr\u00e9venir les comportements \u00e0 risques et de garantir un cadre de vie apais\u00e9 pour l\u2019ensemble des habitants, tout en veillant \u00e0 un \u00e9quilibre entre activit\u00e9 \u00e9conomique et int\u00e9r\u00eat g\u00e9n\u00e9ral.<\/p>\n<p>Votre r\u00e9gion, votre actu !<\/p>\n<p>Recevez chaque jour les infos qui comptent pour vous.<\/p>\n<p>\t<a href=\"https:\/\/actu.fr\/newsletter\" class=\"ac-btn ac-btn--corner ac-btn--medium ac-btn--blue800\" target=\"_blank\" rel=\"noopener\">S&rsquo;incrire<\/a><br \/>\nLes p\u00e9rim\u00e8tres concern\u00e9s<\/p>\n<p class=\" wall-content\"><strong>Secteur 1<\/strong> : Grand Centre \u00ab Ecusson \u2013 Beaux-Arts \u2013 Arceaux \u2013 Salengro \u2013 Gare \u00bb<br \/>Rue du Pont de Lattes \u2013 Avenue Henri Frenay \u2013 Passage de l\u2019Horloge \u2013 All\u00e9e Jules Milhau \u2013 Avenue Fr\u00e9d\u00e9ric Mistral \u2013 All\u00e9e de la Citadelle \u2013 Place du Onze Novembre \u2013 Avenue de N\u00eemes \u2013 Rue Yehudi Menuhin \u2013 Rue de Substantion \u2013 Rue de la Cavalerie \u2013 Rue Proudhon \u2013 Rue du 81\u00e8me R\u00e9giment d\u2019Infanterie \u2013 Rue Saint Vincent de Paul \u2013 Rue du Faubourg Boutonnet \u2013 Rue Moquin-Tandon \u2013 Avenue Chancel \u2013 Rue de la Croix de Catelan \u2013 Rue Auguste Broussonet \u2013 Avenue du P\u00e8re Soulas \u2013 Rue de Las Sorbes \u2013 Avenue de l\u2019Ecole d\u2019Agriculture Gabriel Buchet \u2013 Boulevard Benjamin Milhaud \u2013 Rue Gustave \u2013 Rue Hippolyte \u2013 Avenue de Lod\u00e8ve \u2013 Rue Guillaume Pellicier \u2013 Place Roger Salengro \u2013 Rue du Faubourg Figuerolles jusqu\u2019\u00e0 la Rue Fran\u00e7ois de Malherbes \u2013 Rue du Claret \u2013 Rue Edouard VII \u2013 Place du 8 mai 1945 \u2013 Avenue Georges Cl\u00e9menceau \u2013 Place Saint Denis \u2013 Rue du Grand St Jean \u2013 Place de Strasbourg \u2013 Boulevard de Strasbourg \u2013 Place Carnot \u2013 Quai Laurens \u2013 Avenue des Etats du Languedoc.<\/p>\n<p class=\" wall-content\"><strong>Secteur 2<\/strong> : \u00ab Antigone \u2013 Don Bosco \u2013 Juv\u00e9nal \u00bb\u00a0Place Paul Bec \u2013 Boulevard d\u2019Antigone \u2013 Rue L\u00e9on Blum \u2013 Avenue Jean Mermoz \u2013 Rue Epidaure \u2013 Rue Pos\u00e9\u00efdon \u2013 Avenue des Droits de l\u2019Homme \u2013 Boulevard des Consuls de Mer \u2013 Rue du Comt\u00e9 de Megueil \u2013 Boulevard de Strasbourg \u2013 Rue de Barcelone \u2013 Rue Laffite \u2013 Quai Laffite \u2013 Avenue des Etats du Languedoc \u2013 Place Olympie \u2013 All\u00e9e du Nouveau Monde \u2013 Avenue Henri Frenay.<\/p>\n<p class=\" wall-content\"><strong>Secteur 3<\/strong> : \u00ab Richter \u2013 Jacques Coeur \u00bb\u00a0Place de la R\u00e9volution Fran\u00e7aise \u2013 All\u00e9e du Capitaine Dreyfus \u2013 All\u00e9e de la M\u00e9diterran\u00e9e \u2013 Rue Th\u00e9roigne de M\u00e9ricourt \u2013 Avenue Raymond Dugrand \u2013 Rue des Etats G\u00e9n\u00e9raux.<\/p>\n<p class=\" wall-content\"><strong>Secteur 4<\/strong> : \u00ab Celleneuve \u2013 Eurydice \u00bb\u00a0Rue du Pilory \u2013 Avenue des Moulins \u2013 Avenue de Lod\u00e8ve \u2013 Avenue des Garrats \u2013 Avenue de la Libert\u00e9 \u2013 Avenue de Monsieur Teste \u2013 Rue Eurydice \u2013 Rue Orph\u00e9e \u2013 Rue des Gr\u00e8zes \u2013 Avenue de la Libert\u00e9 \u2013 Route de Lod\u00e8ve.<\/p>\n<p class=\" wall-content\"><strong>Secteur 5<\/strong> : \u00ab Saint-Martin \u2013 Pr\u00e9s d\u2019Ar\u00e8nes \u2013 Saint-Hilaire \u00bb\u00a0Avenue du Mar\u00e9chal Leclerc, Rue Mion Saint Michel, Rue des Cypr\u00e8s \u2013 Avenue des Pr\u00e9s d\u2019Ar\u00e8nes \u2013 Rue des Yucas \u2013 Rue de Cherchell, Avenue du Mar\u00e9chal Leclerc \u2013 Rue de Saint-Hilaire.<\/p>\n<p class=\" wall-content\"><strong>Secteur 6<\/strong> : \u00ab Croix d\u2019Argent \u00bb\u00a0Avenue de Toulouse Partie comprise entre la Place du 8 mai 1945 et la Place Flandres-Dunkerque, Rambla des Calissons.<\/p>\n<p class=\" wall-content\"><strong>Secteur 7<\/strong> : \u00ab Rue Costa Brava \u2013 Villeneuve d\u2019Angoul\u00eame \u2013 Jacques Bounin \u00bb<br \/>Rue Costa Brava compl\u00e8te \u2013 Boulevard Pedro de Luna \u2013 Avenue Villeneuve d\u2019Angoul\u00eame \u2013 Rue Jacques Bounin \u2013 Avenue de Toulouse \u2013 Place Flandres-Dunkerque.<\/p>\n<p class=\" wall-content\"><strong>Secteur 8<\/strong> \u00ab \u00ab Tournezy \u00bb\u00a0Rue de l\u2019Industrie, Rue Nelson Mandela, Place de Tib\u00e9riade.<\/p>\n<p class=\" wall-content\"><strong>Secteur 9<\/strong> : \u00ab Pompignane \u00bb\u00a0Avenue de La Pompignane \u2013 All\u00e9e du Mont Cassin.<\/p>\n<p class=\" wall-content\">Les services de police -municipale et nationale- et les douanes vont veiller \u00e0 la stricte application de ce nouvel arr\u00eat\u00e9, apr\u00e8s une ann\u00e9e 2025 marqu\u00e9e par un record de contr\u00f4les, de proc\u00e9dures et de fermetures administratives ayant vis\u00e9 des \u00e9tablissements, tels que \u00e9piceries, bars \u00e0 chicha, snacks et restaurants en infraction, et souvent en \u00e9tat de r\u00e9cidive.<\/p>\n<p class=\" wall-content\">Personnalisez votre actualit\u00e9 en ajoutant vos villes et m\u00e9dias en favori avec <a href=\"https:\/\/moncompte.actu.fr\" title=\"D\u00e9couvez Mon Actu\" rel=\"nofollow noopener\" data-trk=\"{&quot;cta&quot;:{&quot;action&quot;:&quot;https:\\\/\\\/moncompte.actu.fr&quot;,&quot;category&quot;:&quot;mon compte&quot;,&quot;from&quot;:&quot;article footer&quot;,&quot;name&quot;:&quot;Mon actu&quot;,&quot;type&quot;:&quot;cta&quot;}}\" target=\"_blank\">Mon Actu<\/a>.<\/p>\n","protected":false},"excerpt":{"rendered":"Par Jean-Marc Aubert Publi\u00e9 le 12 janv. 2026 \u00e0 19h26 Face \u00e0 la multiplication des nuisances nocturnes li\u00e9es&hellip;\n","protected":false},"author":2,"featured_media":659608,"comment_status":"","ping_status":"","sticky":false,"template":"","format":"standard","meta":{"footnotes":""},"categories":[9599],"tags":[1111,11,5702,215,1777,674,1011,27,2208,12,2680,25,104,6582],"class_list":{"0":"post-659607","1":"post","2":"type-post","3":"status-publish","4":"format-standard","5":"has-post-thumbnail","7":"category-montpellier","8":"tag-actu","9":"tag-actualites","10":"tag-alcool","11":"tag-commerce","12":"tag-eu","13":"tag-europe","14":"tag-fr","15":"tag-france","16":"tag-montpellier","17":"tag-news","18":"tag-occitanie","19":"tag-republique-francaise","20":"tag-societe","21":"tag-tabac"},"share_on_mastodon":{"url":"https:\/\/pubeurope.com\/@fr\/115885194822314848","error":""},"_links":{"self":[{"href":"https:\/\/www.europesays.com\/fr\/wp-json\/wp\/v2\/posts\/659607","targetHints":{"allow":["GET"]}}],"collection":[{"href":"https:\/\/www.europesays.com\/fr\/wp-json\/wp\/v2\/posts"}],"about":[{"href":"https:\/\/www.europesays.com\/fr\/wp-json\/wp\/v2\/types\/post"}],"author":[{"embeddable":true,"href":"https:\/\/www.europesays.com\/fr\/wp-json\/wp\/v2\/users\/2"}],"replies":[{"embeddable":true,"href":"https:\/\/www.europesays.com\/fr\/wp-json\/wp\/v2\/comments?post=659607"}],"version-history":[{"count":0,"href":"https:\/\/www.europesays.com\/fr\/wp-json\/wp\/v2\/posts\/659607\/revisions"}],"wp:featuredmedia":[{"embeddable":true,"href":"https:\/\/www.europesays.com\/fr\/wp-json\/wp\/v2\/media\/659608"}],"wp:attachment":[{"href":"https:\/\/www.europesays.com\/fr\/wp-json\/wp\/v2\/media?parent=659607"}],"wp:term":[{"taxonomy":"category","embeddable":true,"href":"https:\/\/www.europesays.com\/fr\/wp-json\/wp\/v2\/categories?post=659607"},{"taxonomy":"post_tag","embeddable":true,"href":"https:\/\/www.europesays.com\/fr\/wp-json\/wp\/v2\/tags?post=659607"}],"curies":[{"name":"wp","href":"https:\/\/api.w.org\/{rel}","templated":true}]}}