{"id":659609,"date":"2026-01-13T01:28:19","date_gmt":"2026-01-13T01:28:19","guid":{"rendered":"https:\/\/www.europesays.com\/fr\/659609\/"},"modified":"2026-01-13T01:28:19","modified_gmt":"2026-01-13T01:28:19","slug":"mont-saint-aignan-la-maison-illuminee-celebre-le-nouvel-an-a-mont-saint-aignan","status":"publish","type":"post","link":"https:\/\/www.europesays.com\/fr\/659609\/","title":{"rendered":"Mont-Saint-Aignan. La maison illumin\u00e9e c\u00e9l\u00e8bre le nouvel an \u00e0 Mont-Saint-Aignan"},"content":{"rendered":"<p melodystyle=\"texte\">C&rsquo;est autour de la musique qu&rsquo;Oswald Sallaberger souhaite nous r\u00e9unir pour c\u00e9l\u00e9brer ce nouvel an. Directeur de l&rsquo;ensemble musical La Maison illumin\u00e9e, il con\u00e7oit pour l&rsquo;occasion un programme original imagin\u00e9 comme un \u00ab\u00a0voyage fantastique\u00a0\u00bb. Voguant sur un r\u00e9pertoire europ\u00e9en enjou\u00e9 et rythm\u00e9 comme l&rsquo;illustrent le cancan d&rsquo;Offenbach issu d&rsquo;Orph\u00e9e aux enfers et les valses de Strauss. \u00ab\u00a0Mais j&rsquo;ai aussi souhait\u00e9 \u00e9largir le r\u00e9pertoire avec une note r\u00e9gionaliste avec La Dame blanche de Boieldieu, compositeur rouennais oubli\u00e9 du XIXe\u00a0\u00bb. Le chef nous prouve aussi combien la valse r\u00e9unit les cultures, mais aussi combien son expression peut varier d&rsquo;un pays \u00e0 l&rsquo;autre du Casse-noisette russe, aux patineurs fran\u00e7ais. Ce concert est imagin\u00e9 pour une formation de cinq musiciens et une soprano\u00a0: avec piano, harpe, fl\u00fbte, violoncelle et violon et la participation exceptionnelle de la colorature Odile Heimberger\u00a0!<\/p>\n<p style=\"font-weight:bold;color:#000;\">Pratique. Dimanche 11 janvier \u00e0 16h. Espace Marc-Sangnier \u00e0 Mont-Saint-Aignan. 1 \u00e0 15\u20ac. montsaintaignan.fr<\/p>\n","protected":false},"excerpt":{"rendered":"C&rsquo;est autour de la musique qu&rsquo;Oswald Sallaberger souhaite nous r\u00e9unir pour c\u00e9l\u00e9brer ce nouvel an. Directeur de l&rsquo;ensemble&hellip;\n","protected":false},"author":2,"featured_media":659610,"comment_status":"","ping_status":"","sticky":false,"template":"","format":"standard","meta":{"footnotes":""},"categories":[9587],"tags":[1111,11,1777,674,1011,27,12,5161,25,9590],"class_list":{"0":"post-659609","1":"post","2":"type-post","3":"status-publish","4":"format-standard","5":"has-post-thumbnail","7":"category-rouen","8":"tag-actu","9":"tag-actualites","10":"tag-eu","11":"tag-europe","12":"tag-fr","13":"tag-france","14":"tag-news","15":"tag-normandie","16":"tag-republique-francaise","17":"tag-rouen"},"share_on_mastodon":{"url":"https:\/\/pubeurope.com\/@fr\/115885198696251218","error":""},"_links":{"self":[{"href":"https:\/\/www.europesays.com\/fr\/wp-json\/wp\/v2\/posts\/659609","targetHints":{"allow":["GET"]}}],"collection":[{"href":"https:\/\/www.europesays.com\/fr\/wp-json\/wp\/v2\/posts"}],"about":[{"href":"https:\/\/www.europesays.com\/fr\/wp-json\/wp\/v2\/types\/post"}],"author":[{"embeddable":true,"href":"https:\/\/www.europesays.com\/fr\/wp-json\/wp\/v2\/users\/2"}],"replies":[{"embeddable":true,"href":"https:\/\/www.europesays.com\/fr\/wp-json\/wp\/v2\/comments?post=659609"}],"version-history":[{"count":0,"href":"https:\/\/www.europesays.com\/fr\/wp-json\/wp\/v2\/posts\/659609\/revisions"}],"wp:featuredmedia":[{"embeddable":true,"href":"https:\/\/www.europesays.com\/fr\/wp-json\/wp\/v2\/media\/659610"}],"wp:attachment":[{"href":"https:\/\/www.europesays.com\/fr\/wp-json\/wp\/v2\/media?parent=659609"}],"wp:term":[{"taxonomy":"category","embeddable":true,"href":"https:\/\/www.europesays.com\/fr\/wp-json\/wp\/v2\/categories?post=659609"},{"taxonomy":"post_tag","embeddable":true,"href":"https:\/\/www.europesays.com\/fr\/wp-json\/wp\/v2\/tags?post=659609"}],"curies":[{"name":"wp","href":"https:\/\/api.w.org\/{rel}","templated":true}]}}