{"id":659619,"date":"2026-01-13T01:35:16","date_gmt":"2026-01-13T01:35:16","guid":{"rendered":"https:\/\/www.europesays.com\/fr\/659619\/"},"modified":"2026-01-13T01:35:16","modified_gmt":"2026-01-13T01:35:16","slug":"le-magasin-ne-rouvrira-pas-avant-plusieurs-semaines","status":"publish","type":"post","link":"https:\/\/www.europesays.com\/fr\/659619\/","title":{"rendered":"le magasin ne rouvrira pas \u00ab\u00a0avant plusieurs semaines\u00a0\u00bb"},"content":{"rendered":"<p>                    Par<br \/>\n        <strong><br \/>\n            <a href=\"https:\/\/actu.fr\/auteur\/ivan-capecchi\" title=\"Consulter tous les articles de Ivan CAPECCHI\" target=\"_blank\" rel=\"noopener\">Ivan CAPECCHI<\/a><br \/>\n                    <\/strong><\/p>\n<p>        Publi\u00e9 le<\/p>\n<p>            12 janv. 2026 \u00e0 17h38        <\/p>\n<p>Le <a href=\"https:\/\/actu.fr\/grand-est\/strasbourg_67482\/video-intervention-des-pompiers-au-monoprix-de-la-place-kleber-a-strasbourg-ce-qu-il-s-est-passe_63676265.html\" target=\"_blank\" rel=\"noopener\">Monoprix de la place Kl\u00e9ber \u00e0 Strasbourg<\/a>, touch\u00e9 par<strong> une importante inondation<\/strong> vendredi, ne rouvrira pas \u00ab\u2009avant plusieurs semaines\u2009\u00bb, indique le groupe sollicit\u00e9 par nos soins.<\/p>\n<p>Le Monoprix de la place Kl\u00e9ber ferm\u00e9 apr\u00e8s une inondation<\/p>\n<p class=\" wall-content\">Pour rappel, vendredi, le <strong>Monoprix de la place Kl\u00e9ber<\/strong> a subi une <strong>inondation<\/strong> caus\u00e9e par le <strong>gel<\/strong>, ce qui a <strong>endommag\u00e9 une partie du syst\u00e8me de s\u00e9curit\u00e9 incendie<\/strong>. Plusieurs <a href=\"https:\/\/actu.fr\/tag\/pompiers\" target=\"_blank\" rel=\"noopener\">pompiers<\/a> sont intervenus toute la matin\u00e9e pour pomper l\u2019eau qui avait infiltr\u00e9 tous les \u00e9tages.<\/p>\n<p class=\" wall-content\">\u00ab\u2009Les \u00e9quipes sont actuellement mobilis\u00e9es pour<strong> \u00e9valuer l\u2019ampleur des d\u00e9g\u00e2ts<\/strong> et engager les <a href=\"https:\/\/actu.fr\/tag\/travaux\" target=\"_blank\" rel=\"noopener\">travaux<\/a> n\u00e9cessaires. \u00c0 ce stade, nous ne sommes pas encore en mesure de communiquer une date de r\u00e9ouverture<strong> mais elle ne pourra pas se faire avant plusieurs semaines<\/strong>\u2009\u00bb, d\u00e9clare le groupe Casino, duquel fait partie l\u2019enseigne Monoprix, joint par nos soins.<\/p>\n<p class=\" wall-content\">Par t\u00e9l\u00e9phone, un employ\u00e9 du magasin \u00e9voque m\u00eame \u00ab<strong>\u2009un mois de fermeture, voire plus<\/strong>\u2009\u00bb.<\/p>\n<blockquote class=\"tiktok-embed\" cite=\"https:\/\/www.tiktok.com\/@lorraine.actu\/video\/7593322147993373974\" data-video-id=\"7593322147993373974\" data-embed-from=\"oembed\" style=\"max-width:605px; min-width:325px;\"><p>\n<a target=\"_blank\" title=\"@lorraine.actu\" href=\"https:\/\/www.tiktok.com\/@lorraine.actu?refer=embed\" rel=\"noopener\">@lorraine.actu<\/a> <\/p>\n<p>T\u00f4t ce vendredi matin, les sapeurs-pompiers ont \u00e9t\u00e9 appel\u00e9s pour intervenir au sein du Monoprix de la place Kl\u00e9ber \u00e0 Strasbourg. L\u2019intervention est en train de se terminer \u00e0 la mi-journ\u00e9e, mais le magasin, lui, est toujours ferm\u00e9. Voici ce qu\u2019il s\u2019est pass\u00e9. Inondation au Monoprix de la place Kl\u00e9ber Les pompiers ont \u00e9t\u00e9 appel\u00e9s peu avant 6h ce vendredi \u00ab\u00a0pour une fuite d\u2019eau sur le r\u00e9seau de sprinklage [syst\u00e8me automatique de lutte contre l\u2019incendie, NDLR], ce qui a impact\u00e9 tous les \u00e9tages du b\u00e2timent\u00a0\u00bb, explique le Lieutenant Aymeric Florent, chef de groupe. Les op\u00e9rations des pompiers ont alors consist\u00e9 en \u00ab\u00a0de l\u2019aspiration de l\u2019eau \u00e0 tous les \u00e9tages pour limiter les d\u00e9g\u00e2ts\u00a0\u00bb.\u00a0 Concr\u00e8tement, on trouvait \u00ab\u00a04 \u00e0 5 cm d\u2019eau\u00a0\u00bb dans les \u00e9tages les plus inond\u00e9s. Le magasin ferm\u00e9 jusqu\u2019\u00e0 nouvel ordre Le Monoprix de la place Kl\u00e9ber devrait rester ferm\u00e9 toute cette journ\u00e9e. A ce stade, on ne sait pas quand il pourrait rouvrir. <a title=\"inondation\" target=\"_blank\" href=\"https:\/\/www.tiktok.com\/tag\/inondation?refer=embed\" rel=\"noopener\">#inondation<\/a> <a title=\"pompiers\" target=\"_blank\" href=\"https:\/\/www.tiktok.com\/tag\/pompiers?refer=embed\" rel=\"noopener\">#pompiers<\/a> <a title=\"monoprix\" target=\"_blank\" href=\"https:\/\/www.tiktok.com\/tag\/monoprix?refer=embed\" rel=\"noopener\">#monoprix<\/a> <\/p>\n<p> <a target=\"_blank\" title=\"\u266c son original - Lorraine Actu\" href=\"https:\/\/www.tiktok.com\/music\/son-original-7593322163701173014?refer=embed\" rel=\"noopener\">\u266c son original \u2013 Lorraine Actu<\/a> <\/p>\n<\/blockquote>\n<p>Les collaborateurs rapatri\u00e9s sur le Monoprix du Neudorf<\/p>\n<p class=\" wall-content\">\u00ab\u2009Le magasin est ferm\u00e9 <strong>le temps de valider les conditions de s\u00e9curit\u00e9 n\u00e9cessaires<\/strong> pour nos \u00e9quipes en magasin et pour pouvoir recevoir \u00e0 nouveau nos clients\u2009\u00bb, poursuit le service communication.<\/p>\n<blockquote class=\"ac-article-quote wall-content\">\n<p>Durant cette p\u00e9riode, nos collaborateurs ont la possibilit\u00e9 de travailler sur le magasin\u00a0Monoprix\u00a0de Neudorf \u00e0 Strasbourg.<\/p>\n<p>    <strong>Groupe Casino<\/strong>\n            <\/p><\/blockquote>\n<p>Votre r\u00e9gion, votre actu !<\/p>\n<p>Recevez chaque jour les infos qui comptent pour vous.<\/p>\n<p>\t<a href=\"https:\/\/actu.fr\/newsletter\" class=\"ac-btn ac-btn--corner ac-btn--medium ac-btn--blue800\" target=\"_blank\" rel=\"noopener\">S&rsquo;incrire<\/a><\/p>\n<p class=\" wall-content\">\u00ab\u2009Toutes les \u00e9quipes sont pleinement mobilis\u00e9es <strong>pour permettre une r\u00e9ouverture dans les meilleurs d\u00e9lais<\/strong> et accueillir \u00e0 nouveau nos clients dans leur magasin\u2009\u00bb, ach\u00e8ve le groupe.<\/p>\n<p class=\" wall-content\">Personnalisez votre actualit\u00e9 en ajoutant vos villes et m\u00e9dias en favori avec <a href=\"https:\/\/moncompte.actu.fr\" title=\"D\u00e9couvez Mon Actu\" rel=\"nofollow noopener\" data-trk=\"{&quot;cta&quot;:{&quot;action&quot;:&quot;https:\\\/\\\/moncompte.actu.fr&quot;,&quot;category&quot;:&quot;mon compte&quot;,&quot;from&quot;:&quot;article footer&quot;,&quot;name&quot;:&quot;Mon actu&quot;,&quot;type&quot;:&quot;cta&quot;}}\" target=\"_blank\">Mon Actu<\/a>.<\/p>\n<p>                    <script async src=\"\/\/www.tiktok.com\/embed.js\"><\/script><\/p>\n","protected":false},"excerpt":{"rendered":"Par Ivan CAPECCHI Publi\u00e9 le 12 janv. 2026 \u00e0 17h38 Le Monoprix de la place Kl\u00e9ber \u00e0 Strasbourg,&hellip;\n","protected":false},"author":2,"featured_media":659620,"comment_status":"","ping_status":"","sticky":false,"template":"","format":"standard","meta":{"footnotes":""},"categories":[2820],"tags":[1111,11,1777,674,1011,27,775,2839,34256,12,25,104,640,2086],"class_list":{"0":"post-659619","1":"post","2":"type-post","3":"status-publish","4":"format-standard","5":"has-post-thumbnail","7":"category-strasbourg","8":"tag-actu","9":"tag-actualites","10":"tag-eu","11":"tag-europe","12":"tag-fr","13":"tag-france","14":"tag-grand-est","15":"tag-inondations","16":"tag-monoprix","17":"tag-news","18":"tag-republique-francaise","19":"tag-societe","20":"tag-strasbourg","21":"tag-travaux"},"share_on_mastodon":{"url":"https:\/\/pubeurope.com\/@fr\/115885226281559565","error":""},"_links":{"self":[{"href":"https:\/\/www.europesays.com\/fr\/wp-json\/wp\/v2\/posts\/659619","targetHints":{"allow":["GET"]}}],"collection":[{"href":"https:\/\/www.europesays.com\/fr\/wp-json\/wp\/v2\/posts"}],"about":[{"href":"https:\/\/www.europesays.com\/fr\/wp-json\/wp\/v2\/types\/post"}],"author":[{"embeddable":true,"href":"https:\/\/www.europesays.com\/fr\/wp-json\/wp\/v2\/users\/2"}],"replies":[{"embeddable":true,"href":"https:\/\/www.europesays.com\/fr\/wp-json\/wp\/v2\/comments?post=659619"}],"version-history":[{"count":0,"href":"https:\/\/www.europesays.com\/fr\/wp-json\/wp\/v2\/posts\/659619\/revisions"}],"wp:featuredmedia":[{"embeddable":true,"href":"https:\/\/www.europesays.com\/fr\/wp-json\/wp\/v2\/media\/659620"}],"wp:attachment":[{"href":"https:\/\/www.europesays.com\/fr\/wp-json\/wp\/v2\/media?parent=659619"}],"wp:term":[{"taxonomy":"category","embeddable":true,"href":"https:\/\/www.europesays.com\/fr\/wp-json\/wp\/v2\/categories?post=659619"},{"taxonomy":"post_tag","embeddable":true,"href":"https:\/\/www.europesays.com\/fr\/wp-json\/wp\/v2\/tags?post=659619"}],"curies":[{"name":"wp","href":"https:\/\/api.w.org\/{rel}","templated":true}]}}