{"id":659621,"date":"2026-01-13T01:36:13","date_gmt":"2026-01-13T01:36:13","guid":{"rendered":"https:\/\/www.europesays.com\/fr\/659621\/"},"modified":"2026-01-13T01:36:13","modified_gmt":"2026-01-13T01:36:13","slug":"alain-bauer-a-nice-une-conference-pour-decrypter-la-puissance-du-discours","status":"publish","type":"post","link":"https:\/\/www.europesays.com\/fr\/659621\/","title":{"rendered":"Alain Bauer \u00e0 Nice : une conf\u00e9rence pour d\u00e9crypter la puissance du discours (\u2026)"},"content":{"rendered":"<p>                    <img loading=\"lazy\" decoding=\"async\" src=\"https:\/\/www.europesays.com\/fr\/wp-content\/uploads\/2026\/01\/fce7f69449a3d0ee62951818d5d7b4.png\" class=\"img-responsive post-image\" width=\"680\" height=\"510\" alt=\"Alain Bauer \u00e0 Nice : (\u2026)\" title=\"Alain Bauer \u00e0 Nice : une conf\u00e9rence pour d\u00e9crypter la puissance du discours de Donald Trump\"\/><\/p>\n<p class=\"chapo\">Le mercredi 21 janvier, la facult\u00e9 de Droit et de Science politique d\u2019Universit\u00e9 C\u00f4te d\u2019Azur accueillera une conf\u00e9rence exceptionnelle intitul\u00e9e \u00ab\u00a0Trump, le pouvoir des mots \u2013 D\u00e9cryptage d\u2019une redoutable m\u00e9canique de persuasion de masse\u00a0\u00bb. L\u2019\u00e9v\u00e9nement se tiendra de 9h30 \u00e0 12h00 en amphith\u00e9\u00e2tre Cristini (202), sur le campus Trotabas.<\/p>\n<p>Invit\u00e9 d\u2019honneur, <strong>Alain Bauer, <\/strong> professeur \u00e9m\u00e9rite de criminologie au Conservatoire national des arts et m\u00e9tiers, proposera une <strong>analyse approfondie des ressorts rh\u00e9toriques et symboliques <\/strong> qui ont fait de Donald Trump une figure centrale de la communication politique contemporaine. Cette intervention s\u2019appuie sur son ouvrage \u00e9ponyme, paru chez First \u00c9ditions, dans lequel il explore les strat\u00e9gies discursives, les codes et les m\u00e9canismes d\u2019influence qui fa\u00e7onnent l\u2019adh\u00e9sion des foules.<\/p>\n<p>\u00c0 travers une approche m\u00ealant sciences politiques, criminologie et analyse du langage, Alain Bauer mettra en lumi\u00e8re la mani\u00e8re dont les mots deviennent des instruments de pouvoir, capables de structurer les perceptions, de polariser les opinions et de mobiliser massivement. Une r\u00e9flexion pr\u00e9cieuse \u00e0 l\u2019heure o\u00f9 les d\u00e9mocraties sont confront\u00e9es \u00e0 de nouvelles formes de communication politique et \u00e0 la mont\u00e9e des discours populistes.<\/p>\n<p>Organis\u00e9e par le professeu<strong>r Christian Vallar<\/strong>, doyen honoraire, et le professeur <strong>Florence Nicoud<\/strong>, co-directeurs du Master 2 S\u00e9curit\u00e9 int\u00e9rieure, cette conf\u00e9rence s\u2019adresse aussi bien aux \u00e9tudiants qu\u2019aux chercheurs, aux professionnels et au grand public.<br class=\"texte\"\/><br \/>\n<strong>L\u2019entr\u00e9e est libre.<\/strong><\/p>\n<p>Pour les doctorants, la participation est valid\u00e9e au titre de la formation doctorale\u00a0; une attestation pourra \u00eatre d\u00e9livr\u00e9e sur demande adress\u00e9e \u00e0\u00a0: <a href=\"https:\/\/www.petitesaffiches.fr\/cdn-cgi\/l\/email-protection\" class=\"__cf_email__\" data-cfemail=\"80e3e5f2e4e1e3e6e6c0f5eee9f6ade3eff4e5e4e1faf5f2aee6f2\" target=\"_blank\" rel=\"noopener\">[email\u00a0protected]<\/a>.<\/p>\n<p><strong>Un rendez-vous incontournable pour comprendre comment, dans l\u2019ar\u00e8ne politique moderne, le langage devient une arme de persuasion massive.<\/strong><\/p>\n","protected":false},"excerpt":{"rendered":"Le mercredi 21 janvier, la facult\u00e9 de Droit et de Science politique d\u2019Universit\u00e9 C\u00f4te d\u2019Azur accueillera une conf\u00e9rence&hellip;\n","protected":false},"author":2,"featured_media":659622,"comment_status":"","ping_status":"","sticky":false,"template":"","format":"standard","meta":{"footnotes":""},"categories":[2819],"tags":[1111,11,2408,1777,674,1011,27,12,2401,882,25],"class_list":{"0":"post-659621","1":"post","2":"type-post","3":"status-publish","4":"format-standard","5":"has-post-thumbnail","7":"category-nice","8":"tag-actu","9":"tag-actualites","10":"tag-appels-d","11":"tag-eu","12":"tag-europe","13":"tag-fr","14":"tag-france","15":"tag-news","16":"tag-nice","17":"tag-provence-alpes-cote-dazur","18":"tag-republique-francaise"},"share_on_mastodon":{"url":"https:\/\/pubeurope.com\/@fr\/115885230434390117","error":""},"_links":{"self":[{"href":"https:\/\/www.europesays.com\/fr\/wp-json\/wp\/v2\/posts\/659621","targetHints":{"allow":["GET"]}}],"collection":[{"href":"https:\/\/www.europesays.com\/fr\/wp-json\/wp\/v2\/posts"}],"about":[{"href":"https:\/\/www.europesays.com\/fr\/wp-json\/wp\/v2\/types\/post"}],"author":[{"embeddable":true,"href":"https:\/\/www.europesays.com\/fr\/wp-json\/wp\/v2\/users\/2"}],"replies":[{"embeddable":true,"href":"https:\/\/www.europesays.com\/fr\/wp-json\/wp\/v2\/comments?post=659621"}],"version-history":[{"count":0,"href":"https:\/\/www.europesays.com\/fr\/wp-json\/wp\/v2\/posts\/659621\/revisions"}],"wp:featuredmedia":[{"embeddable":true,"href":"https:\/\/www.europesays.com\/fr\/wp-json\/wp\/v2\/media\/659622"}],"wp:attachment":[{"href":"https:\/\/www.europesays.com\/fr\/wp-json\/wp\/v2\/media?parent=659621"}],"wp:term":[{"taxonomy":"category","embeddable":true,"href":"https:\/\/www.europesays.com\/fr\/wp-json\/wp\/v2\/categories?post=659621"},{"taxonomy":"post_tag","embeddable":true,"href":"https:\/\/www.europesays.com\/fr\/wp-json\/wp\/v2\/tags?post=659621"}],"curies":[{"name":"wp","href":"https:\/\/api.w.org\/{rel}","templated":true}]}}