{"id":659625,"date":"2026-01-13T01:40:10","date_gmt":"2026-01-13T01:40:10","guid":{"rendered":"https:\/\/www.europesays.com\/fr\/659625\/"},"modified":"2026-01-13T01:40:10","modified_gmt":"2026-01-13T01:40:10","slug":"nantes-le-convoi-du-pont-anne-de-bretagne-rebrousse-chemin-pour-se-mettre-a-labri","status":"publish","type":"post","link":"https:\/\/www.europesays.com\/fr\/659625\/","title":{"rendered":"Nantes\u00a0: le convoi du pont Anne de Bretagne rebrousse chemin pour se mettre \u00e0 l\u2019abri"},"content":{"rendered":"<p>\n      La barge transportant le tablier du pont Anne de Bretagne a quitt\u00e9 le port de Cadix et mis le cap \u00e0 l\u2019est, en direction d\u2019Almeria.\n    <\/p>\n<p>\u00ab\u00a0En raison de la houle dans l\u2019oc\u00e9an Atlantique et en l\u2019absence de fen\u00eatre m\u00e9t\u00e9o favorable assez longue, les conditions ne permettent pas encore au convoi de reprendre la direction de Nantes\u00a0\u00bb, a indiqu\u00e9 lundi apr\u00e8s-midi Nantes M\u00e9tropole \u00e0 Mer et Marine.\u00a0<\/p>\n<p>Parti le 26 octobre du port italien de Monfalcone et <a href=\"https:\/\/www.meretmarine.com\/fr\/marine-marchande\/nantes-le-tablier-du-pont-anne-de-bretagne-en-attente-dans-le-golfe-de-cadix\" target=\"_blank\" rel=\"noopener\">arriv\u00e9 dans le golfe de Cadix, \u00e0 l\u2019ouest du d\u00e9troit de Gibraltar, d\u00e9but d\u00e9cembre<\/a>, le convoi compos\u00e9 de la barge transportant la charpente m\u00e9tallique de 3000 tonnes, et de 150 m\u00e8tres de long pour 42 de large et 25 de haut, accompagn\u00e9e de deux remorqueurs, a pass\u00e9 plusieurs semaines au port de Cadix, avant de mettre le cap \u00e0 l\u2019est dimanche 11 janvier, pour rejoindre le port d\u2019Almeria, o\u00f9 il est annonc\u00e9 ce mardi 13 janvier.<\/p>\n<p>\u00ab\u00a0Les pr\u00e9visions annon\u00e7ant des vagues dans l\u2019axe du port de Cadix, le groupement GTM Ouest \/ Dodin Campenon Bernard \/ Cimolai [en charge du projet, ndlr] a inform\u00e9 Nantes M\u00e9tropole de sa d\u00e9cision de le mettre \u00e0 l\u2019abri au port d\u2019Almeria (Espagne) pour pouvoir repartir dans de bonnes conditions d\u00e8s que possible\u00a0\u00bb. Nantes M\u00e9tropole rappelle que \u00ab\u00a0les choix de routage, de convoyage et les moyens techniques mobilis\u00e9s rel\u00e8vent de la responsabilit\u00e9 des entreprises du groupement\u00a0\u00bb.<\/p>\n<p>La date de pose finale du tablier du pont, qui enjambera la Loire \u00e0 Nantes, se pr\u00e9cisera d\u00e8s lors que le convoi aura fait son entr\u00e9e dans le golfe de Gascogne. Le tablier du pont est achemin\u00e9 en une seule pi\u00e8ce et \u00e9quip\u00e9 d\u2019un haubanage provisoire, jusqu\u2019\u00e0 sa destination finale, au c\u0153ur de la ville de Nantes.<\/p>\n<p><strong>\u00a9 Un article de la r\u00e9daction de Mer et Marine. Reproduction interdite sans consentement du ou des auteurs.<\/strong><\/p>\n<p>\u00a0<\/p>\n","protected":false},"excerpt":{"rendered":"La barge transportant le tablier du pont Anne de Bretagne a quitt\u00e9 le port de Cadix et mis&hellip;\n","protected":false},"author":2,"featured_media":659626,"comment_status":"","ping_status":"","sticky":false,"template":"","format":"standard","meta":{"footnotes":""},"categories":[2818],"tags":[1111,11,6130,6141,6131,6138,2380,6135,554,1777,6136,674,1011,27,6139,6134,3135,6128,567,6129,6127,766,12,6132,2636,4838,6133,25,6140,6137],"class_list":{"0":"post-659625","1":"post","2":"type-post","3":"status-publish","4":"format-standard","5":"has-post-thumbnail","7":"category-nantes","8":"tag-actu","9":"tag-actualites","10":"tag-chantiers","11":"tag-commando","12":"tag-construction-navale","13":"tag-costa","14":"tag-croisiere","15":"tag-dcns","16":"tag-defense","17":"tag-eu","18":"tag-euronaval","19":"tag-europe","20":"tag-fr","21":"tag-france","22":"tag-fremm","23":"tag-interviews","24":"tag-littoral","25":"tag-marine","26":"tag-marine-nationale","27":"tag-maritime","28":"tag-mer","29":"tag-nantes","30":"tag-news","31":"tag-offshore","32":"tag-pays-de-la-loire","33":"tag-peche","34":"tag-reportages","35":"tag-republique-francaise","36":"tag-sncm","37":"tag-stx"},"share_on_mastodon":{"url":"https:\/\/pubeurope.com\/@fr\/115885245987390668","error":""},"_links":{"self":[{"href":"https:\/\/www.europesays.com\/fr\/wp-json\/wp\/v2\/posts\/659625","targetHints":{"allow":["GET"]}}],"collection":[{"href":"https:\/\/www.europesays.com\/fr\/wp-json\/wp\/v2\/posts"}],"about":[{"href":"https:\/\/www.europesays.com\/fr\/wp-json\/wp\/v2\/types\/post"}],"author":[{"embeddable":true,"href":"https:\/\/www.europesays.com\/fr\/wp-json\/wp\/v2\/users\/2"}],"replies":[{"embeddable":true,"href":"https:\/\/www.europesays.com\/fr\/wp-json\/wp\/v2\/comments?post=659625"}],"version-history":[{"count":0,"href":"https:\/\/www.europesays.com\/fr\/wp-json\/wp\/v2\/posts\/659625\/revisions"}],"wp:featuredmedia":[{"embeddable":true,"href":"https:\/\/www.europesays.com\/fr\/wp-json\/wp\/v2\/media\/659626"}],"wp:attachment":[{"href":"https:\/\/www.europesays.com\/fr\/wp-json\/wp\/v2\/media?parent=659625"}],"wp:term":[{"taxonomy":"category","embeddable":true,"href":"https:\/\/www.europesays.com\/fr\/wp-json\/wp\/v2\/categories?post=659625"},{"taxonomy":"post_tag","embeddable":true,"href":"https:\/\/www.europesays.com\/fr\/wp-json\/wp\/v2\/tags?post=659625"}],"curies":[{"name":"wp","href":"https:\/\/api.w.org\/{rel}","templated":true}]}}