{"id":659647,"date":"2026-01-13T01:53:16","date_gmt":"2026-01-13T01:53:16","guid":{"rendered":"https:\/\/www.europesays.com\/fr\/659647\/"},"modified":"2026-01-13T01:53:16","modified_gmt":"2026-01-13T01:53:16","slug":"greve-a-la-sncf-mardi-13-janvier-de-nombreux-trains-supprimes-sur-les-rer-e-et-d-et-sur-la-ligne-r","status":"publish","type":"post","link":"https:\/\/www.europesays.com\/fr\/659647\/","title":{"rendered":"Gr\u00e8ve \u00e0 la SNCF mardi 13\u00a0janvier\u00a0: de nombreux trains supprim\u00e9s sur les RER\u00a0E et D et sur la ligne\u00a0R"},"content":{"rendered":"<p class=\"paragraph text_align_left lp-f-body-02\">Attention si vous circulez sur le r\u00e9seau SNCF mardi en \u00cele-de-France. \u00ab Dans le cadre d\u2019un <a href=\"https:\/\/www.leparisien.fr\/economie\/greve-a-la-sncf-ce-mardi-13-janvier-a-quelles-perturbations-sattendre-12-01-2026-R5UAO6G4PNDNPDJXNJQTXLHXV4.php\" target=\"_self\" rel=\"noopener\">mouvement social national<\/a> le mardi 13 janvier, les perturbations des trains et RER en \u00cele-de-France seront limit\u00e9es \u00e0 3 des 14 lignes op\u00e9r\u00e9es par Transilien SNCF Voyageurs \u00bb, pr\u00e9vient l\u2019op\u00e9rateur. \u00ab Transilien SNCF Voyageurs et \u00cele-de-France Mobilit\u00e9s recommandent aux voyageurs des lignes concern\u00e9es qui le peuvent de limiter leurs d\u00e9placements pr\u00e9vus mardi et de privil\u00e9gier le t\u00e9l\u00e9travail. \u00bb<\/p>\n<p>Un train sur deux sur le RER D<\/p>\n<p class=\"\">Sur le RER D, pr\u00e9voir 1 train sur 2 entre Corbeil-Essonnes et Creil et entre Melun et Goussainville. Seul un train sur quatre est annonc\u00e9 entre Juvisy et Malesherbes via Ris-Orangis. Les bus de remplacement entre Corbeil-Essonnes et Melun ne seront pas d\u00e9ploy\u00e9s, contrairement \u00e0 une premi\u00e8re annonce.<\/p>\n<p class=\"\">Sur le RER E, 2 trains sur 3 sont annonc\u00e9s. M\u00eame chose sur la ligne R : pr\u00e9voir 2 trains sur 3. Un \u00ab trafic normal \u00bb est attendu sur l\u2019ensemble des autres lignes (RER : A, B et C. Trains : H, J, K, L, N, P, U et V), indique la SNCF.<\/p>\n<p class=\"\">Ce mouvement social national est lanc\u00e9 par la <a href=\"https:\/\/www.leparisien.fr\/economie\/sncf-sud-rail-depose-un-preavis-de-greve-pour-le-13-janvier-18-12-2025-NXLLZAT64FH5LBIK4KAQXIDY5M.php\" target=\"_self\" rel=\"noopener\">CGT et Sud-Rail<\/a>. Malgr\u00e9 <a href=\"https:\/\/www.leparisien.fr\/economie\/sncf-combien-gagnent-les-controleurs-qui-prevoient-de-faire-greve-ce-week-end-14-02-2024-JQ5CBXJVIBF53PCU7J3GYJ4Z6Q.php\" rel=\"noopener\" target=\"_blank\">le versement d\u2019une prime en d\u00e9cembre<\/a> par la direction, la CGT-Cheminots et SUD-Rail estiment que le compte n\u2019y est pas.<\/p>\n<p class=\"\">Dans un tract publi\u00e9 jeudi, la CGT r\u00e9clame une hausse des salaires et des pensions de 12 % ainsi que la mise en place d\u2019un treizi\u00e8me mois pour tous les cheminots. Elle d\u00e9nonce \u00e9galement les recrutements insuffisants et la d\u00e9gradation des conditions de travail en appelant \u00e0 la mobilisation.<\/p>\n<p class=\"\">Pour SUD-Rail, \u00ab l\u2019\u00e9volution du m\u00e9tier, marqu\u00e9e par l\u2019augmentation constante des missions et une polyvalence impos\u00e9e, doit obliger la direction \u00e0 revaloriser imm\u00e9diatement les salaires \u00bb de 400 euros pour tous les salari\u00e9s et \u00e0 augmenter les primes.<\/p>\n","protected":false},"excerpt":{"rendered":"Attention si vous circulez sur le r\u00e9seau SNCF mardi en \u00cele-de-France. \u00ab Dans le cadre d\u2019un mouvement social&hellip;\n","protected":false},"author":2,"featured_media":650141,"comment_status":"","ping_status":"","sticky":false,"template":"","format":"standard","meta":{"footnotes":""},"categories":[1888],"tags":[1111,1928,11,1927,1777,674,1011,27,1944,12,1926,626,1925,25,2382],"class_list":{"0":"post-659647","1":"post","2":"type-post","3":"status-publish","4":"format-standard","5":"has-post-thumbnail","7":"category-paris","8":"tag-actu","9":"tag-actu-paris","10":"tag-actualites","11":"tag-actualites-paris","12":"tag-eu","13":"tag-europe","14":"tag-fr","15":"tag-france","16":"tag-ma-ville","17":"tag-news","18":"tag-news-paris","19":"tag-paris","20":"tag-paris-news","21":"tag-republique-francaise","22":"tag-transport-idf-oise"},"share_on_mastodon":{"url":"https:\/\/pubeurope.com\/@fr\/115885296971824174","error":""},"_links":{"self":[{"href":"https:\/\/www.europesays.com\/fr\/wp-json\/wp\/v2\/posts\/659647","targetHints":{"allow":["GET"]}}],"collection":[{"href":"https:\/\/www.europesays.com\/fr\/wp-json\/wp\/v2\/posts"}],"about":[{"href":"https:\/\/www.europesays.com\/fr\/wp-json\/wp\/v2\/types\/post"}],"author":[{"embeddable":true,"href":"https:\/\/www.europesays.com\/fr\/wp-json\/wp\/v2\/users\/2"}],"replies":[{"embeddable":true,"href":"https:\/\/www.europesays.com\/fr\/wp-json\/wp\/v2\/comments?post=659647"}],"version-history":[{"count":0,"href":"https:\/\/www.europesays.com\/fr\/wp-json\/wp\/v2\/posts\/659647\/revisions"}],"wp:featuredmedia":[{"embeddable":true,"href":"https:\/\/www.europesays.com\/fr\/wp-json\/wp\/v2\/media\/650141"}],"wp:attachment":[{"href":"https:\/\/www.europesays.com\/fr\/wp-json\/wp\/v2\/media?parent=659647"}],"wp:term":[{"taxonomy":"category","embeddable":true,"href":"https:\/\/www.europesays.com\/fr\/wp-json\/wp\/v2\/categories?post=659647"},{"taxonomy":"post_tag","embeddable":true,"href":"https:\/\/www.europesays.com\/fr\/wp-json\/wp\/v2\/tags?post=659647"}],"curies":[{"name":"wp","href":"https:\/\/api.w.org\/{rel}","templated":true}]}}