{"id":65966,"date":"2025-05-01T03:37:15","date_gmt":"2025-05-01T03:37:15","guid":{"rendered":"https:\/\/www.europesays.com\/fr\/65966\/"},"modified":"2025-05-01T03:37:15","modified_gmt":"2025-05-01T03:37:15","slug":"marine-le-pen-defend-la-proportionnelle-mais-80-des-deputes-rn-sont-contre-liberation","status":"publish","type":"post","link":"https:\/\/www.europesays.com\/fr\/65966\/","title":{"rendered":"Marine Le Pen d\u00e9fend la proportionnelle mais\u2026 \u00ab80\u00a0% des d\u00e9put\u00e9s RN sont contre\u00bb \u2013 Lib\u00e9ration"},"content":{"rendered":"<p class=\"sc-ksZaOG ehjQrN text-element\">L\u2019ennui, avec les programmes politiques, c\u2019est qu\u2019on ne peut pas en changer trop souvent. Raison pour laquelle le Rassemblement national (RN) n\u2019en use qu\u2019avec parcimonie &#8211; ce qui ne l\u2019emp\u00eache pas de virer de bord avec le vent, au risque de perdre en chemin ses porte-parole qui<a href=\"https:\/\/www.liberation.fr\/politique\/elections\/le-pen-renonce-a-la-suppression-de-la-double-nationalite-le-rn-mis-devant-le-fait-accompli-20220120_SNC7W7QKNRHTBE3G23HDJEWDWA\/?redirected=1\" target=\"_blank\" rel=\"noreferrer nofollow noopener\" title=\"https:\/\/www.liberation.fr\/politique\/elections\/le-pen-renonce-a-la-suppression-de-la-double-nationalite-le-rn-mis-devant-le-fait-accompli-20220120_SNC7W7QKNRHTBE3G23HDJEWDWA\/?redirected=1\"> se retrouvent parfois \u00e0 d\u00e9fendre des propositions abandonn\u00e9es depuis plusieurs ann\u00e9es<\/a>. Par exemple, lors des derni\u00e8res l\u00e9gislatives, plusieurs cadres de premi\u00e8re importance se sont r\u00e9v\u00e9l\u00e9s bien en peine de <a href=\"https:\/\/www.liberation.fr\/politique\/quand-le-rn-sebastien-chenu-defend-une-idee-abandonnee-depuis-deux-ans-par-marine-le-pen-20240613_X3E7WCNPYBC55KDWQRY7ZOSTGU\/\" target=\"_blank\" rel=\"noreferrer nofollow noopener\" title=\"https:\/\/www.liberation.fr\/politique\/quand-le-rn-sebastien-chenu-defend-une-idee-abandonnee-depuis-deux-ans-par-marine-le-pen-20240613_X3E7WCNPYBC55KDWQRY7ZOSTGU\/\">confirmer leur intention d\u2019interdire la double nationalit\u00e9<\/a>, autoriser, ou simplement discriminer \u00e0 l\u2019emploi, les binationaux qui repr\u00e9sentaient en 2015 la bagatelle de 3,3 millions de personnes.<\/p>\n","protected":false},"excerpt":{"rendered":"L\u2019ennui, avec les programmes politiques, c\u2019est qu\u2019on ne peut pas en changer trop souvent. Raison pour laquelle le&hellip;\n","protected":false},"author":2,"featured_media":65967,"comment_status":"","ping_status":"","sticky":false,"template":"","format":"standard","meta":{"footnotes":""},"categories":[2],"tags":[11,1076,1011,27,1077,430,12,2848],"class_list":{"0":"post-65966","1":"post","2":"type-post","3":"status-publish","4":"format-standard","5":"has-post-thumbnail","7":"category-actualites","8":"tag-actualites","9":"tag-extreme-droite","10":"tag-fr","11":"tag-france","12":"tag-jordan-bardella","13":"tag-marine-le-pen","14":"tag-news","15":"tag-rn"},"share_on_mastodon":{"url":"https:\/\/pubeurope.com\/@fr\/114430492237453857","error":""},"_links":{"self":[{"href":"https:\/\/www.europesays.com\/fr\/wp-json\/wp\/v2\/posts\/65966","targetHints":{"allow":["GET"]}}],"collection":[{"href":"https:\/\/www.europesays.com\/fr\/wp-json\/wp\/v2\/posts"}],"about":[{"href":"https:\/\/www.europesays.com\/fr\/wp-json\/wp\/v2\/types\/post"}],"author":[{"embeddable":true,"href":"https:\/\/www.europesays.com\/fr\/wp-json\/wp\/v2\/users\/2"}],"replies":[{"embeddable":true,"href":"https:\/\/www.europesays.com\/fr\/wp-json\/wp\/v2\/comments?post=65966"}],"version-history":[{"count":0,"href":"https:\/\/www.europesays.com\/fr\/wp-json\/wp\/v2\/posts\/65966\/revisions"}],"wp:featuredmedia":[{"embeddable":true,"href":"https:\/\/www.europesays.com\/fr\/wp-json\/wp\/v2\/media\/65967"}],"wp:attachment":[{"href":"https:\/\/www.europesays.com\/fr\/wp-json\/wp\/v2\/media?parent=65966"}],"wp:term":[{"taxonomy":"category","embeddable":true,"href":"https:\/\/www.europesays.com\/fr\/wp-json\/wp\/v2\/categories?post=65966"},{"taxonomy":"post_tag","embeddable":true,"href":"https:\/\/www.europesays.com\/fr\/wp-json\/wp\/v2\/tags?post=65966"}],"curies":[{"name":"wp","href":"https:\/\/api.w.org\/{rel}","templated":true}]}}