{"id":659660,"date":"2026-01-13T02:00:11","date_gmt":"2026-01-13T02:00:11","guid":{"rendered":"https:\/\/www.europesays.com\/fr\/659660\/"},"modified":"2026-01-13T02:00:11","modified_gmt":"2026-01-13T02:00:11","slug":"au-royaume-uni-la-majorite-des-hesitants-ont-fini-par-se-faire-vacciner-contre-le-covid-19","status":"publish","type":"post","link":"https:\/\/www.europesays.com\/fr\/659660\/","title":{"rendered":"Au Royaume-Uni, la majorit\u00e9 des h\u00e9sitants ont fini par se faire vacciner contre le Covid-19"},"content":{"rendered":"<p>                             Par Le Figaro avec AFP<\/p>\n<p>                Le 13 janvier 2026 \u00e0 01h47<\/p>\n<p>    Photo d\u2019illustration d\u2019un vaccin contre le Covid-19.<br \/>\n                Tobias Arhelger \/ stock.adobe.com<\/p>\n<p>\n    Une \u00e9tude, publi\u00e9e dans le Lancet mardi, se penche sur les personnes qui, \u00e0 l\u2019\u00e9poque, ont h\u00e9sit\u00e9 \u00e0 se faire vacciner.<\/p>\n<p class=\"fig-paragraph\">La majorit\u00e9 des personnes qui h\u00e9sitaient initialement \u00e0 se\u00a0<a href=\"https:\/\/www.lefigaro.fr\/tag\/vaccination-covid\" target=\"_blank\" rel=\"sponsored noopener\" data-gtm-custom-categorie=\"navigation\" data-gtm-custom-action=\"crossclick\" data-gtm-custom-label=\"Contextuel\" data-gtm-event=\"customEventSPE\">vacciner contre le Covid<\/a>\u00a0au Royaume-Uni a fini par le faire, montre une \u00e9tude publi\u00e9e mardi, qui souligne que le scepticisme face \u00e0 la vaccination n&rsquo;est pas grav\u00e9 dans le marbre. \u00abLa majorit\u00e9 du temps, les h\u00e9sitations face aux vaccins anti-Covid-19 se basaient sur des craintes concr\u00e8tes auxquelles le temps et une bonne information permettent de r\u00e9pondre pour finalement les surmonter\u00bb, conclut cette \u00e9tude, publi\u00e9e dans le Lancet.<\/p>\n<p class=\"fig-paragraph\">Lanc\u00e9s en 2021, les vaccins anti-Covid ont largement permis d&rsquo;enrayer la pand\u00e9mie gr\u00e2ce \u00e0 leur efficacit\u00e9 et leur s\u00e9curit\u00e9 d\u00e9sormais largement document\u00e9es sur la base de milliards de vaccinations dans le monde.<\/p>\n<p>                                                                <a class=\"fig-a11y-skip\" href=\"#fig-a11y-skip-main-inarticle\" data-module=\"a11y-skip\" data-context=\"was @visible\"><br \/>\n    Passer la publicit\u00e9<br \/>\n<\/a>            <\/p>\n<p class=\"fig-paragraph\">L&rsquo;\u00e9tude se penche sur les personnes qui, \u00e0 l&rsquo;\u00e9poque, ont h\u00e9sit\u00e9 \u00e0 se faire vacciner. Elle a \u00e9t\u00e9 r\u00e9alis\u00e9e en deux temps, d&rsquo;abord en mesurant la proportion d&rsquo;h\u00e9sitants &#8211; \u00e0 partir de questionnaires envoy\u00e9s \u00e0 un gros million de Britanniques entre janvier 2021 et mars 2022 -, puis en regardant combien d&rsquo;entre eux ont finalement opt\u00e9 en faveur de la vaccination.<\/p>\n<p>                                                                Taux d\u2019h\u00e9sitants en baisse<\/p>\n<p class=\"fig-paragraph\">Premier enseignement, le taux d&rsquo;h\u00e9sitants a nettement baiss\u00e9 au cours du temps. Il \u00e9tait initialement de 8%, en janvier 2021, dans un contexte o\u00f9 les donn\u00e9es sur la vaccination provenaient essentiellement d&rsquo;essais cliniques et non de la vie r\u00e9elle, pour baisser \u00e0 environ 1% un an plus tard. La majorit\u00e9 des h\u00e9sitants a fini par se faire vacciner\u00a0: environ deux tiers d&rsquo;entre eux ont fait ce choix, selon des donn\u00e9es du syst\u00e8me de sant\u00e9 britannique arr\u00eat\u00e9es \u00e0 d\u00e9but 2024.<\/p>\n<p class=\"fig-paragraph\">Les h\u00e9sitations ont g\u00e9n\u00e9ralement \u00e9t\u00e9 surmont\u00e9es quand les personnes s&rsquo;inqui\u00e9taient sp\u00e9cifiquement de l&rsquo;efficacit\u00e9 et des effets \u00e0 long terme des vaccins anti-Covid, dont certains &#8211; Pfizer\/BioNTech et Moderna &#8211; \u00e9taient bas\u00e9s sur la technologie innovante de l&rsquo;ARN messager. En revanche, les personnes plus sceptiques vis-\u00e0-vis des vaccins en g\u00e9n\u00e9ral et m\u00e9fiantes envers l&rsquo;industrie pharmaceutique ont persist\u00e9 \u00e0 ne pas se faire vacciner.<\/p>\n<p class=\"fig-paragraph\">Ces r\u00e9sultats permettent \u00abd&rsquo;\u00e9tudier diff\u00e9rentes cat\u00e9gories d&rsquo;h\u00e9sitations, ainsi que la mani\u00e8re dont elles influencent la vaccination\u00bb, soulignent, dans un commentaire s\u00e9par\u00e9 au Lancet, les chercheurs italiens Claudia Palmieri et Silvio Tafuri, qui n&rsquo;ont pas particip\u00e9 \u00e0 l&rsquo;\u00e9tude. Toutefois, ils \u00abrefl\u00e8tent le cadre exceptionnel de la vaccination anti-SARS-CoV-2\u00bb, nuancent-ils, jugeant d\u00e9sormais \u00abcrucial de v\u00e9rifier si des facteurs semblables affectent des vaccinations ordinaires\u00bb, qu&rsquo;elles soient de routine comme la rougeole chez les enfants, ou saisonni\u00e8re comme la grippe.<\/p>\n","protected":false},"excerpt":{"rendered":"Par Le Figaro avec AFP Le 13 janvier 2026 \u00e0 01h47 Photo d\u2019illustration d\u2019un vaccin contre le Covid-19.&hellip;\n","protected":false},"author":2,"featured_media":659661,"comment_status":"","ping_status":"","sticky":false,"template":"","format":"standard","meta":{"footnotes":""},"categories":[1588],"tags":[11,4357,1777,674,12,473,1853,1851,1850,1852],"class_list":{"0":"post-659660","1":"post","2":"type-post","3":"status-publish","4":"format-standard","5":"has-post-thumbnail","7":"category-royaume-uni","8":"tag-actualites","9":"tag-covid-19","10":"tag-eu","11":"tag-europe","12":"tag-news","13":"tag-royaume-uni","14":"tag-royaume-uni-de-grande-bretagne-et-dirlande-du-nord","15":"tag-uk","16":"tag-united-kingdom","17":"tag-united-kingdom-of-great-britain-and-northern-ireland"},"share_on_mastodon":{"url":"https:\/\/pubeurope.com\/@fr\/115885325026650081","error":""},"_links":{"self":[{"href":"https:\/\/www.europesays.com\/fr\/wp-json\/wp\/v2\/posts\/659660","targetHints":{"allow":["GET"]}}],"collection":[{"href":"https:\/\/www.europesays.com\/fr\/wp-json\/wp\/v2\/posts"}],"about":[{"href":"https:\/\/www.europesays.com\/fr\/wp-json\/wp\/v2\/types\/post"}],"author":[{"embeddable":true,"href":"https:\/\/www.europesays.com\/fr\/wp-json\/wp\/v2\/users\/2"}],"replies":[{"embeddable":true,"href":"https:\/\/www.europesays.com\/fr\/wp-json\/wp\/v2\/comments?post=659660"}],"version-history":[{"count":0,"href":"https:\/\/www.europesays.com\/fr\/wp-json\/wp\/v2\/posts\/659660\/revisions"}],"wp:featuredmedia":[{"embeddable":true,"href":"https:\/\/www.europesays.com\/fr\/wp-json\/wp\/v2\/media\/659661"}],"wp:attachment":[{"href":"https:\/\/www.europesays.com\/fr\/wp-json\/wp\/v2\/media?parent=659660"}],"wp:term":[{"taxonomy":"category","embeddable":true,"href":"https:\/\/www.europesays.com\/fr\/wp-json\/wp\/v2\/categories?post=659660"},{"taxonomy":"post_tag","embeddable":true,"href":"https:\/\/www.europesays.com\/fr\/wp-json\/wp\/v2\/tags?post=659660"}],"curies":[{"name":"wp","href":"https:\/\/api.w.org\/{rel}","templated":true}]}}