{"id":659670,"date":"2026-01-13T02:05:25","date_gmt":"2026-01-13T02:05:25","guid":{"rendered":"https:\/\/www.europesays.com\/fr\/659670\/"},"modified":"2026-01-13T02:05:25","modified_gmt":"2026-01-13T02:05:25","slug":"donald-trump-exhorte-cuba-a-accepter-un-accord-avant-quil-ne-soit-trop-tard-la-havane-se-dit-prete-a-defendre-la-patrie-lhumanite","status":"publish","type":"post","link":"https:\/\/www.europesays.com\/fr\/659670\/","title":{"rendered":"Donald Trump exhorte Cuba \u00e0 \u00ab accepter un accord avant qu\u2019il ne soit trop tard \u00bb, la Havane se dit pr\u00eate \u00ab \u00e0 d\u00e9fendre la patrie \u00bb &#8211; L&#039;Humanit\u00e9"},"content":{"rendered":"<ol>\n<li><a href=\"https:\/\/news.google.com\/rss\/articles\/CBMirwFBVV95cUxNYWw4cDhyMVNGaUplb08tRGdWTnJOWG1oMEdFdmJWMzhMbHY5eUtXTUJodEVTcnNNV0MwUmdsUWk5QzR6Vm05Q3hhYjVDQVF1QzJicUxDSnZBdmZLa09NRUs0TkxiMk5oRXl0Y1UyOElIODdiRjRucXZ4T1pXQmZSdF9OeG1fYy1Xelo0OU9FdzRpY1Nkb3JhN0xhNDZpcDJON1o1TTZFbkoyV2FfOVpv?oc=5\" target=\"_blank\" rel=\"noopener\">Donald Trump exhorte Cuba \u00e0 \u00ab accepter un accord avant qu\u2019il ne soit trop tard \u00bb, la Havane se dit pr\u00eate \u00ab \u00e0 d\u00e9fendre la patrie \u00bb<\/a>&nbsp;&nbsp;L&rsquo;Humanit\u00e9<\/li>\n<li><a href=\"https:\/\/news.google.com\/rss\/articles\/CBMi5gFBVV95cUxOYnRtTndlRktPSDNhQkc1OVhzU0FaVlY2S3ktVFMzRzVuT1lhV1lmZHc4R0JLSU5oSWF2QnlHM19leFhZZnhreGVTQ3hFdWx6WWpPNEt2aE5PRzFHYng4ZWVrR3EweHRmT1NLZ0FuZktqc1djeFlPelpzQkQ1R29aWHd4aVRYQnIzeGpnOXVzZFBKX1QyWkQ0dXhKcVluOEFjNjg3YTdjbVk3cWpIdWJtSzdwZ0Q4NkhQU2tBTnFmcWV0Mmo2Y0VwaUJLd2FVMWNpb1I3Njh3emZjVU9YZFhxQUdCQUNvUQ?oc=5\" target=\"_blank\" rel=\"noopener\">Donald Trump menace Cuba, La Havane dit \u00ab se pr\u00e9parer, pr\u00eate \u00e0 d\u00e9fendre la Patrie \u00bb<\/a>&nbsp;&nbsp;Le Monde.fr<\/li>\n<li><a href=\"https:\/\/news.google.com\/rss\/articles\/CBMi5gFBVV95cUxQMVVWdnRNNFZ6VzNEOFI5dFMxM253M3VvSVpGbjZlYV9TaXBDOXhDbThiQUVaMFc4Zm8xZmJmeGRFa1p0RWVNd2hfaDRiY2tmRWh1YVh6cDZIVkhlYUMxaE9QWktNZWFza2FWVWN5NTMtR3dydjBfOHlsT1djX0k0NjBUR1dpd2FiSWZTOGdVR0l4NDJWZlYtMXVEaVplZ2U1M0ozbnBVS19Ta2lXUFl6dzlEM05zeVdxaDFTOG1ER0pJYS11NlFkWFZDcTdnbTVQZUtDYzJhQUhfLVpWTWxqVUs1djJ3dw?oc=5\" target=\"_blank\" rel=\"noopener\">\u00ab Qu\u2019ils acceptent un accord avant qu\u2019il ne soit trop tard \u00bb : Donald Trump intensifie ses menaces contre Cuba<\/a>&nbsp;&nbsp;La Croix<\/li>\n<li><a href=\"https:\/\/news.google.com\/rss\/articles\/CBMi-gFBVV95cUxPU3c2cXRXWExiY1AzSkFLS2QyZVJoVWtpY29NcFhZWkpfRXlGZkZrcF9vZXhVNXB4V3FqV1dYUHRQeXE5dmE4ekZuWlhXT2NkX21KbmIwWU0xQ1V1MDJsV1ZJNzY5dWR4elN4LUJiTzNjVDN4YkhLV1hfdzVZMHYxQklRb3o0TmFHeWFENnBwOEdsNW85QVo0VUJmQ2Y0QzBCLWd2VGxfa1o4dm5MX0VWdExvMkp3WUMyMG9yTlhHMjcxcWpDVW9nNl9mcmc0NWRaTllVSm03Qk1tNnRhODlJZjNJbThfbDFIMnRaelVYUU1Rc3c0N2laX3R3?oc=5\" target=\"_blank\" rel=\"noopener\">\u00ab Avant qu\u2019il ne soit trop tard \u00bb : le ton monte entre Donald Trump et le pr\u00e9sident cubain Miguel Diaz-Canel<\/a>&nbsp;&nbsp;Le HuffPost<\/li>\n<li><a href=\"https:\/\/news.google.com\/rss\/articles\/CBMi8AFBVV95cUxQTl90T05ZZkI2N2xfb1RPWGRoQ21Dc2gydDFRWVhIbk82Y2xER3YtZWRxdS1fSUhSb1BaV21sODlVa3VTQ254OWNiMTBhMjVrTFVOY3JlbjU0SUdXMUJ0R25QbHI5cjc3UHZqT3ZLNTBDS19RVEZEXzJPa3VhczYxbU1sX3B6Y1p5ZGs4X0llaFY1RW55ZlF2YS1xcEhuS1ZUUjAtdnpOWkdTNmM1cXF3bzFLT2t3a3BEOC03RGZOT1hfSi1RaHU4YmdIYzdkTDF2dVlkREF6MjZxSnh3dEVQclE5UXp5ejBJVFNlWFh2R24?oc=5\" target=\"_blank\" rel=\"noopener\">Marco Rubio \u00ab\u00a0sera le pr\u00e9sident de Cuba\u00a0\u00bb : apr\u00e8s le Venezuela, Donald Trump exhorte les Cubains \u00e0 accepter un accord<\/a>&nbsp;&nbsp;RTL.fr<\/li>\n<\/ol>\n","protected":false},"excerpt":{"rendered":"Donald Trump exhorte Cuba \u00e0 \u00ab accepter un accord avant qu\u2019il ne soit trop tard \u00bb, la Havane&hellip;\n","protected":false},"author":2,"featured_media":659671,"comment_status":"","ping_status":"","sticky":false,"template":"","format":"standard","meta":{"footnotes":""},"categories":[2],"tags":[11,1011,27,12,25],"class_list":{"0":"post-659670","1":"post","2":"type-post","3":"status-publish","4":"format-standard","5":"has-post-thumbnail","7":"category-actualites","8":"tag-actualites","9":"tag-fr","10":"tag-france","11":"tag-news","12":"tag-republique-francaise"},"share_on_mastodon":{"url":"https:\/\/pubeurope.com\/@fr\/115885344273927321","error":""},"_links":{"self":[{"href":"https:\/\/www.europesays.com\/fr\/wp-json\/wp\/v2\/posts\/659670","targetHints":{"allow":["GET"]}}],"collection":[{"href":"https:\/\/www.europesays.com\/fr\/wp-json\/wp\/v2\/posts"}],"about":[{"href":"https:\/\/www.europesays.com\/fr\/wp-json\/wp\/v2\/types\/post"}],"author":[{"embeddable":true,"href":"https:\/\/www.europesays.com\/fr\/wp-json\/wp\/v2\/users\/2"}],"replies":[{"embeddable":true,"href":"https:\/\/www.europesays.com\/fr\/wp-json\/wp\/v2\/comments?post=659670"}],"version-history":[{"count":0,"href":"https:\/\/www.europesays.com\/fr\/wp-json\/wp\/v2\/posts\/659670\/revisions"}],"wp:featuredmedia":[{"embeddable":true,"href":"https:\/\/www.europesays.com\/fr\/wp-json\/wp\/v2\/media\/659671"}],"wp:attachment":[{"href":"https:\/\/www.europesays.com\/fr\/wp-json\/wp\/v2\/media?parent=659670"}],"wp:term":[{"taxonomy":"category","embeddable":true,"href":"https:\/\/www.europesays.com\/fr\/wp-json\/wp\/v2\/categories?post=659670"},{"taxonomy":"post_tag","embeddable":true,"href":"https:\/\/www.europesays.com\/fr\/wp-json\/wp\/v2\/tags?post=659670"}],"curies":[{"name":"wp","href":"https:\/\/api.w.org\/{rel}","templated":true}]}}