{"id":659676,"date":"2026-01-13T02:14:19","date_gmt":"2026-01-13T02:14:19","guid":{"rendered":"https:\/\/www.europesays.com\/fr\/659676\/"},"modified":"2026-01-13T02:14:19","modified_gmt":"2026-01-13T02:14:19","slug":"soudal-quick-step-la-vie-sans-remco-evenepoel-et-le-retour-a-ladn-des-classiques-pavees","status":"publish","type":"post","link":"https:\/\/www.europesays.com\/fr\/659676\/","title":{"rendered":"Soudal Quick-Step\u00a0: la vie sans Remco Evenepoel et le retour \u00e0 l\u2019ADN des classiques pav\u00e9es"},"content":{"rendered":"<p>L\u2019absence d\u2019Evenepoel redessine les contours de l\u2019\u00e9quipe. Sans leader fort pour d\u00e9fendre un classement g\u00e9n\u00e9ral sur les grands tours, Soudal Quick-Step visera les victoires d\u2019\u00e9tapes avec ses grimpeurs et ses sprinteurs. Mais, surtout, elle revient \u00e0 ses racines\u00a0: les classiques et l\u2019ADN pav\u00e9s. \u00ab\u00a0Ces derni\u00e8res ann\u00e9es, \u00e7a faisait un peu mal de ne pas pouvoir \u00eatre dans la bagarre sur les classiques pav\u00e9es. Ce sont tout de m\u00eame des courses dans notre terrain, \u00e0 la maison. On aimerait maintenant \u00eatre un peu plus acteur sur les pav\u00e9s. C\u2019est du sport de haut niveau et l\u2019objectif doit toujours \u00eatre d\u2019essayer de gagner un Monument du cyclisme\u00a0\u00bb, explique le manager <strong>Jurgen For\u00e9<\/strong>.<\/p>\n<p>L\u2019\u00e9quipe a donc recrut\u00e9 avec l\u2019exp\u00e9rience\u00a0comme fil conducteur.<strong>\u00a0Laurenz Rex<\/strong> est arriv\u00e9, accompagn\u00e9 de deux anciens vainqueurs de Monuments. <strong>Dylan van Baarle<\/strong>, victorieux \u00e0 Roubaix en\u00a02022, et <strong>Jasper Stuyven<\/strong>, grand sp\u00e9cialiste des pav\u00e9s et dont le palmar\u00e8s est riche d\u2019un Sanremo, Kuurne ou encore le Nieuwsblad. \u00ab\u00a0Dylan et moi, on a fait beaucoup de bons r\u00e9sultats dans le top 10 des monuments et des\u00a0autres classiques\u00a0\u00bb, explique Jasper Stuyven. \u00ab\u00a0Je pense que c\u2019est un bon mix avec Laurenz Rex, notre exp\u00e9rience \u00e0 Dylan et moi, aussi celle d\u2019<strong>Yves Lampaert<\/strong>, et puis la jeunesse avec Paul Magnier. Je pense qu\u2019on a besoin de \u00e7a pour faire de bons r\u00e9sultats\u00a0\u00bb.<\/p>\n","protected":false},"excerpt":{"rendered":"L\u2019absence d\u2019Evenepoel redessine les contours de l\u2019\u00e9quipe. Sans leader fort pour d\u00e9fendre un classement g\u00e9n\u00e9ral sur les grands&hellip;\n","protected":false},"author":2,"featured_media":659677,"comment_status":"","ping_status":"","sticky":false,"template":"","format":"standard","meta":{"footnotes":""},"categories":[1411],"tags":[1154,207,1011,27,60],"class_list":{"0":"post-659676","1":"post","2":"type-post","3":"status-publish","4":"format-standard","5":"has-post-thumbnail","7":"category-cyclisme","8":"tag-cycling","9":"tag-cyclisme","10":"tag-fr","11":"tag-france","12":"tag-sports"},"share_on_mastodon":{"url":"https:\/\/pubeurope.com\/@fr\/115885379650812278","error":""},"_links":{"self":[{"href":"https:\/\/www.europesays.com\/fr\/wp-json\/wp\/v2\/posts\/659676","targetHints":{"allow":["GET"]}}],"collection":[{"href":"https:\/\/www.europesays.com\/fr\/wp-json\/wp\/v2\/posts"}],"about":[{"href":"https:\/\/www.europesays.com\/fr\/wp-json\/wp\/v2\/types\/post"}],"author":[{"embeddable":true,"href":"https:\/\/www.europesays.com\/fr\/wp-json\/wp\/v2\/users\/2"}],"replies":[{"embeddable":true,"href":"https:\/\/www.europesays.com\/fr\/wp-json\/wp\/v2\/comments?post=659676"}],"version-history":[{"count":0,"href":"https:\/\/www.europesays.com\/fr\/wp-json\/wp\/v2\/posts\/659676\/revisions"}],"wp:featuredmedia":[{"embeddable":true,"href":"https:\/\/www.europesays.com\/fr\/wp-json\/wp\/v2\/media\/659677"}],"wp:attachment":[{"href":"https:\/\/www.europesays.com\/fr\/wp-json\/wp\/v2\/media?parent=659676"}],"wp:term":[{"taxonomy":"category","embeddable":true,"href":"https:\/\/www.europesays.com\/fr\/wp-json\/wp\/v2\/categories?post=659676"},{"taxonomy":"post_tag","embeddable":true,"href":"https:\/\/www.europesays.com\/fr\/wp-json\/wp\/v2\/tags?post=659676"}],"curies":[{"name":"wp","href":"https:\/\/api.w.org\/{rel}","templated":true}]}}