{"id":659678,"date":"2026-01-13T02:15:11","date_gmt":"2026-01-13T02:15:11","guid":{"rendered":"https:\/\/www.europesays.com\/fr\/659678\/"},"modified":"2026-01-13T02:15:11","modified_gmt":"2026-01-13T02:15:11","slug":"inarretable-lasse-negocie-avec-deux-nouvelles-pepites","status":"publish","type":"post","link":"https:\/\/www.europesays.com\/fr\/659678\/","title":{"rendered":"Inarr\u00eatable, l\u2019ASSE n\u00e9gocie avec deux nouvelles p\u00e9pites"},"content":{"rendered":"<p><b>En course pour la mont\u00e9e en Ligue 1, l\u2019AS Saint-Etienne continue de baser son projet sur les jeunes. Les produits du centre de formation b\u00e9n\u00e9ficient de la confiance de la direction qui s\u2019appr\u00eate \u00e0 accorder deux nouvelles prolongations de contrat.<\/b><\/p>\n<p>Ce n\u2019\u00e9tait pas forc\u00e9ment un coup de bluff de la part d\u2019Eirik Horneland. Dans une r\u00e9cente d\u00e9claration devant les m\u00e9dias, l\u2019entra\u00eeneur de <a href=\"https:\/\/www.foot01.com\/equipe\/st-etienne\/\" target=\"_blank\" rel=\"noopener\">l\u2019AS Saint-Etienne<\/a> annon\u00e7ait un mercato calme dans le sens des arriv\u00e9es. Le coach des Verts ne s\u2019attend pas \u00e0 accueillir du renfort cet hiver. Et pour cause, le Norv\u00e9gien conna\u00eet parfaitement les plans de la direction. Depuis son arriv\u00e9e aux commandes en 2024, l\u2019actionnaire canadien Kilmer Sports Ventures refuse de miser gros sur des valeurs s\u00fbres.<\/p>\n<p>La strat\u00e9gie n\u2019a pas permis d\u2019\u00e9viter la rel\u00e9gation la saison derni\u00e8re. Il n\u2019emp\u00eache que les d\u00e9cideurs basent toujours leur projet sur les jeunes. Pendant qu\u2019ils s\u2019opposent aux d\u00e9parts de leurs meilleurs \u00e9l\u00e9ments Lucas Stassin et Zuriko Davitashvili, les dirigeants st\u00e9phanois s\u2019activent pour blinder leurs talents les plus prometteurs. Ainsi, l\u2019AS Saint-Etienne a r\u00e9cemment officialis\u00e9 le premier contrat professionnel du milieu Paul Eymard (18 ans) et s\u2019appr\u00eate \u00e0 confirmer la prolongation du d\u00e9fenseur central K\u00e9vin Pedro (19 ans). Viendront ensuite de bonnes nouvelles en ce qui concerne Nadir El Jamali et Luan Gadegbeku, annonce Peuple Vert.<\/p>\n<p>Ag\u00e9s de 18 ans, les deux internationaux U19 fran\u00e7ais n\u00e9gocient actuellement un bail de deux ann\u00e9es suppl\u00e9mentaires, soit jusqu\u2019en 2030. Les discussions sont plus avanc\u00e9es avec le milieu offensif franco-marocain, titularis\u00e9 \u00e0 deux reprises lors des trois derniers matchs de <a href=\"https:\/\/www.foot01.com\/ligue2\" title=\"Ligue 2\" target=\"_blank\" rel=\"noopener\">Ligue 2<\/a>, et \u00e0 qui le coach Eirik Horneland pr\u00e9dit \u00ab une grande carri\u00e8re s\u2019il reste humble \u00bb. De son c\u00f4t\u00e9, le milieu Luan Gadegbeku joue moins depuis ses deux titularisations en d\u00e9but de saison, d\u2019o\u00f9 le souhait de le prolonger et de le pr\u00eater dans la foul\u00e9e. Surtout si le club st\u00e9phanois recrute un concurrent avant la fin du mercato.<\/p>\n","protected":false},"excerpt":{"rendered":"En course pour la mont\u00e9e en Ligue 1, l\u2019AS Saint-Etienne continue de baser son projet sur les jeunes.&hellip;\n","protected":false},"author":2,"featured_media":659679,"comment_status":"","ping_status":"","sticky":false,"template":"","format":"standard","meta":{"footnotes":""},"categories":[1410],"tags":[461,63,1011,27,446,60],"class_list":{"0":"post-659678","1":"post","2":"type-post","3":"status-publish","4":"format-standard","5":"has-post-thumbnail","7":"category-football","8":"tag-asse","9":"tag-football","10":"tag-fr","11":"tag-france","12":"tag-ligue-2","13":"tag-sports"},"share_on_mastodon":{"url":"https:\/\/pubeurope.com\/@fr\/115885383587210013","error":""},"_links":{"self":[{"href":"https:\/\/www.europesays.com\/fr\/wp-json\/wp\/v2\/posts\/659678","targetHints":{"allow":["GET"]}}],"collection":[{"href":"https:\/\/www.europesays.com\/fr\/wp-json\/wp\/v2\/posts"}],"about":[{"href":"https:\/\/www.europesays.com\/fr\/wp-json\/wp\/v2\/types\/post"}],"author":[{"embeddable":true,"href":"https:\/\/www.europesays.com\/fr\/wp-json\/wp\/v2\/users\/2"}],"replies":[{"embeddable":true,"href":"https:\/\/www.europesays.com\/fr\/wp-json\/wp\/v2\/comments?post=659678"}],"version-history":[{"count":0,"href":"https:\/\/www.europesays.com\/fr\/wp-json\/wp\/v2\/posts\/659678\/revisions"}],"wp:featuredmedia":[{"embeddable":true,"href":"https:\/\/www.europesays.com\/fr\/wp-json\/wp\/v2\/media\/659679"}],"wp:attachment":[{"href":"https:\/\/www.europesays.com\/fr\/wp-json\/wp\/v2\/media?parent=659678"}],"wp:term":[{"taxonomy":"category","embeddable":true,"href":"https:\/\/www.europesays.com\/fr\/wp-json\/wp\/v2\/categories?post=659678"},{"taxonomy":"post_tag","embeddable":true,"href":"https:\/\/www.europesays.com\/fr\/wp-json\/wp\/v2\/tags?post=659678"}],"curies":[{"name":"wp","href":"https:\/\/api.w.org\/{rel}","templated":true}]}}