{"id":65968,"date":"2025-05-01T03:39:11","date_gmt":"2025-05-01T03:39:11","guid":{"rendered":"https:\/\/www.europesays.com\/fr\/65968\/"},"modified":"2025-05-01T03:39:11","modified_gmt":"2025-05-01T03:39:11","slug":"chaleur-orages-quel-temps-pour-le-pont-du-1er-mai","status":"publish","type":"post","link":"https:\/\/www.europesays.com\/fr\/65968\/","title":{"rendered":"chaleur, orages, quel temps pour le pont du 1er mai\u00a0?"},"content":{"rendered":"<p>            Par<br \/>\n        <strong><br \/>\n            <a href=\"https:\/\/actu.fr\/auteur\/mathias-souteyrat\" title=\"Consulter tous les articles de Mathias Souteyrat\" target=\"_blank\" rel=\"noopener\">Mathias Souteyrat<\/a><br \/>\n        <\/strong><\/p>\n<p>        Publi\u00e9 le<\/p>\n<p>            1 mai 2025 \u00e0 5h08        <\/p>\n<p>Pic de chaleur, orages : quel le temps fera-t-il dans le d\u00e9partement de la <a href=\"https:\/\/actu.fr\/auvergne-rhone-alpes\/loire_42\" target=\"_blank\" rel=\"noopener\">Loire<\/a> pour ce pont du 1er mai ?<\/p>\n<p class=\" wall-content\">Mercredi, la douceur est plus marqu\u00e9e partout d\u00e8s le matin, avant une nouvelle hausse des temp\u00e9ratures sur tout le pays, explique <a href=\"https:\/\/actu.fr\/tag\/meteo-france\" target=\"_blank\" rel=\"noopener\">M\u00e9t\u00e9o France<\/a>. \u00ab\u00a0La sensation devient v\u00e9ritablement estivale sur la moiti\u00e9 nord, avec jusqu\u2019\u00e0 25 \u00e0 29 \u00b0C attendus jusqu\u2019\u00e0 la fronti\u00e8re belge, des temp\u00e9ratures dignes du plein \u00e9t\u00e9.\u00a0\u00bb<\/p>\n<p>Jusqu\u2019\u00e0 25 \u00e0 29 \u00b0C attendus sur la moiti\u00e9 sud<\/p>\n<p class=\" wall-content\">Les temp\u00e9ratures sont comparables sur la moiti\u00e9 sud, except\u00e9 sur les c\u00f4tes m\u00e9diterran\u00e9ennes l\u00e9g\u00e8rement rafra\u00eechies par les brises.<\/p>\n<p class=\" wall-content\">Voici les pr\u00e9visions de la m\u00e9t\u00e9o dans le d\u00e9partement selon M\u00e9t\u00e9o Loire :<\/p>\n<ul class=\" wall-content\">\n<li>Ce mercredi, journ\u00e9e pleinement ensoleill\u00e9e, encore un <strong>petit risque orageux<\/strong> l\u2019apr\u00e8s-midi.<\/li>\n<li>Jeudi : journ\u00e9e ensoleill\u00e9e et chaude. Les premiers 25\u2009\u00b0C pourraient \u00eatre atteint.\u00a0<\/li>\n<li>Fin de semaine : toujours pleinement ensoleill\u00e9 et des temp\u00e9ratures dignes d\u2019un mois de juin.<\/li>\n<\/ul>\n<p>Vid\u00e9os : en ce moment sur ActuToujours un risque d\u2019orages<\/p>\n<p class=\" wall-content\">Durant ces prochains jours, sur la majorit\u00e9 du pays, le soleil brille nettement, avec des temp\u00e9ratures encore en l\u00e9g\u00e8re hausse, atteignant fr\u00e9quemment 26 \u00e0 30 \u00b0C. Le <a href=\"https:\/\/actu.fr\/meteo\/un-nouveau-coup-de-vent-en-france-cette-semaine-des-rafales-jusqu-a-120-km-h-voici-ou-ca-va-souffler_62572071.html\" target=\"_blank\" rel=\"noopener\">vent<\/a> du sud<strong> est mod\u00e9r\u00e9 en vall\u00e9e du Rh\u00f4ne.<\/strong><\/p>\n<p class=\" wall-content\">Vendredi et samedi, seront deux journ\u00e9es influenc\u00e9es par la pr\u00e9sence d\u2019une goutte froide (air froid en altitude) sur l\u2019Atlantique. Le temps pourrait devenir un peu moins bien ensoleill\u00e9, mais avec une masse d\u2019air se r\u00e9chauffant encore un peu, l\u2019ambiance restera encore estivale sur une large partie du pays.<\/p>\n<p>Samedi, les 25 \u00b0C sont encore d\u00e9pass\u00e9s sur la plupart des r\u00e9gions<\/p>\n<p class=\" wall-content\">Samedi, des ond\u00e9es orageuses pourraient concerner les r\u00e9gions au nord de la Loire, mais cette \u00e9volution reste incertaine.<\/p>\n<p class=\" wall-content\">Les temp\u00e9ratures devraient rester \u00e9lev\u00e9es des r\u00e9gions centrales au Nord-Est vendredi, voisines de 27 \u00e0 29 \u00b0C (environ 10 degr\u00e9s au-dessus des normales), tandis qu\u2019elles sont plus un peu plus basses sur l\u2019ouest du pays. Samedi, les 25 \u00b0C sont encore d\u00e9pass\u00e9s sur la plupart des r\u00e9gions.<\/p>\n<blockquote class=\"ac-article-quote wall-content\">\n<p>Avec des nuits douces et une certaine chaleur en journ\u00e9e, en moyenne nationale il devrait s\u2019agir des journ\u00e9es les plus chaudes de la semaine.<\/p>\n<p>    <strong>M\u00e9t\u00e9o France<\/strong>\n            <\/p><\/blockquote>\n<p class=\" wall-content\">Dimanche,\u00a0le temps pourrait devenir plus franchement orageux au sud de la Loire. Avec le renforcement d\u2019un flux de nord-est par le nord, les temp\u00e9ratures baissent partout.<\/p>\n<p class=\" wall-content\">Suivez toute l\u2019actualit\u00e9 de vos villes et m\u00e9dias favoris en vous inscrivant \u00e0 <a href=\"https:\/\/moncompte.actu.fr\" title=\"D\u00e9couvez Mon Actu\" rel=\"nofollow noopener\" data-trk=\"{&quot;cta&quot;:{&quot;action&quot;:&quot;https:\\\/\\\/moncompte.actu.fr&quot;,&quot;category&quot;:&quot;mon compte&quot;,&quot;from&quot;:&quot;article footer&quot;,&quot;name&quot;:&quot;Mon actu&quot;,&quot;type&quot;:&quot;cta&quot;}}\" target=\"_blank\">Mon Actu<\/a>.<\/p>\n","protected":false},"excerpt":{"rendered":"Par Mathias Souteyrat Publi\u00e9 le 1 mai 2025 \u00e0 5h08 Pic de chaleur, orages : quel le temps&hellip;\n","protected":false},"author":2,"featured_media":65969,"comment_status":"","ping_status":"","sticky":false,"template":"","format":"standard","meta":{"footnotes":""},"categories":[9653],"tags":[1111,11,2430,1777,674,1011,27,2487,2357,12,4594,25,4001],"class_list":{"0":"post-65968","1":"post","2":"type-post","3":"status-publish","4":"format-standard","5":"has-post-thumbnail","7":"category-saint-etienne","8":"tag-actu","9":"tag-actualites","10":"tag-auvergne-rhone-alpes","11":"tag-eu","12":"tag-europe","13":"tag-fr","14":"tag-france","15":"tag-meteo","16":"tag-meteo-france","17":"tag-news","18":"tag-orages","19":"tag-republique-francaise","20":"tag-saint-etienne"},"share_on_mastodon":{"url":"https:\/\/pubeurope.com\/@fr\/114430500205778418","error":""},"_links":{"self":[{"href":"https:\/\/www.europesays.com\/fr\/wp-json\/wp\/v2\/posts\/65968","targetHints":{"allow":["GET"]}}],"collection":[{"href":"https:\/\/www.europesays.com\/fr\/wp-json\/wp\/v2\/posts"}],"about":[{"href":"https:\/\/www.europesays.com\/fr\/wp-json\/wp\/v2\/types\/post"}],"author":[{"embeddable":true,"href":"https:\/\/www.europesays.com\/fr\/wp-json\/wp\/v2\/users\/2"}],"replies":[{"embeddable":true,"href":"https:\/\/www.europesays.com\/fr\/wp-json\/wp\/v2\/comments?post=65968"}],"version-history":[{"count":0,"href":"https:\/\/www.europesays.com\/fr\/wp-json\/wp\/v2\/posts\/65968\/revisions"}],"wp:featuredmedia":[{"embeddable":true,"href":"https:\/\/www.europesays.com\/fr\/wp-json\/wp\/v2\/media\/65969"}],"wp:attachment":[{"href":"https:\/\/www.europesays.com\/fr\/wp-json\/wp\/v2\/media?parent=65968"}],"wp:term":[{"taxonomy":"category","embeddable":true,"href":"https:\/\/www.europesays.com\/fr\/wp-json\/wp\/v2\/categories?post=65968"},{"taxonomy":"post_tag","embeddable":true,"href":"https:\/\/www.europesays.com\/fr\/wp-json\/wp\/v2\/tags?post=65968"}],"curies":[{"name":"wp","href":"https:\/\/api.w.org\/{rel}","templated":true}]}}