{"id":659680,"date":"2026-01-13T02:16:13","date_gmt":"2026-01-13T02:16:13","guid":{"rendered":"https:\/\/www.europesays.com\/fr\/659680\/"},"modified":"2026-01-13T02:16:13","modified_gmt":"2026-01-13T02:16:13","slug":"quest-ce-que-la-posh-mum-bronde-cette-couleur-de-cheveux-lancee-par-kate-middleton","status":"publish","type":"post","link":"https:\/\/www.europesays.com\/fr\/659680\/","title":{"rendered":"Qu\u2019est-ce que la \u00abPosh Mum Bronde\u00bb, cette couleur de cheveux lanc\u00e9e par Kate Middleton ?"},"content":{"rendered":"<p>\n    Adopt\u00e9e par la princesse de Galles d\u00e9but septembre, la couleur \u00abPosh Mum Bronde\u00bb, un ch\u00e2tain profond illumin\u00e9 par de subtiles m\u00e8ches blond fonc\u00e9, s\u2019est rapidement impos\u00e9e comme la couleur du moment.<\/p>\n<p class=\"fig-paragraph\">Kate Middleton n\u2019est pas seulement \u00e0 la pointe des tendances capillaires, elle les cr\u00e9e. Le 5 septembre 2025, l\u2019\u00e9pouse du prince William a fait sensation en apparaissant avec\u00a0<a href=\"http:\/\/madame.lefigaro.fr\/celebrites\/actu-people\/kate-middleton-les-cheveux-blonds-la-deconcertante-apparition-a-londres-20250904\" data-fig-type=\"Article\" data-gtm-custom-categorie=\"navigation\" data-gtm-custom-action=\"crossclick\" data-gtm-custom-label=\"Contextuel\" data-gtm-event=\"customEventSPE\" data-fig-domain=\"MADAME\" target=\"_blank\" rel=\"noopener\">une nouvelle couleur de cheveux blonde, tranchant avec son brun naturel lors d\u2019une sortie officielle au Mus\u00e9e d\u2019histoire naturelle de Londres.\u00a0<\/a><\/p>\n<p>                                                                M\u00e9lange subtil de brun et de blond<\/p>\n<p class=\"fig-paragraph\">Depuis, la princesse de Galles a l\u00e9g\u00e8rement fonc\u00e9 sa chevelure pour obtenir la nuance parfaite, \u00e0 savoir un ch\u00e2tain illumin\u00e9 par de subtiles m\u00e8ches blondes se fondant parfaitement dans ses longueurs. Le nom de cette couleur naturelle et sophistiqu\u00e9e\u00a0? Le \u00abPosh Mum Bronde\u00bb ou litt\u00e9ralement le \u00abbronde de la maman chic\u00bb, un m\u00e9lange de brun et de blond qui fait sensation depuis que Kate Middleton l\u2019a adopt\u00e9.<\/p>\n<p>    Kate Middleton et sa couleur \u00abPosh Mum Bronde\u00bb. (Londres, le 5 d\u00e9cembre 2025.)<br \/>\n                Chris Jackson \/ Getty Images<\/p>\n<p>                                                                <a class=\"fig-a11y-skip\" href=\"#fig-a11y-skip-main-inarticle\" data-module=\"a11y-skip\" data-context=\"was @visible\"><br \/>\n    Passer la publicit\u00e9<br \/>\n<\/a>            <\/p>\n<p>                                                                Pas de d\u00e9marcation \u00e0 la racine<\/p>\n<p class=\"fig-paragraph\">Avant d\u2019\u00eatre popularis\u00e9e par Kate Middleton, cette couleur, que l\u2019on appelait tout simplement \u00abbronde\u00bb, avait d\u00e9j\u00e0 s\u00e9duit plusieurs stars dont Victoria Beckham et\u00a0<a href=\"https:\/\/madame.lefigaro.fr\/tag\/jennifer-aniston\" target=\"_blank\" data-fig-type=\"Keyword\" rel=\"sponsored noopener\" data-gtm-custom-categorie=\"navigation\" data-gtm-custom-action=\"crossclick\" data-gtm-custom-label=\"Contextuel\" data-gtm-event=\"customEventSPE\" data-fig-domain=\"MADAME\">Jennifer Aniston,<\/a>\u00a0souligne le\u00a0<a href=\"https:\/\/www.dailymail.co.uk\/news\/royals\/article-15446373\/Hair-Kate-Effect-sweeps-salons-Princesss-Posh-Mum-Bronde-demand-hair-colour-royal-stylist-reveals.html\" target=\"_blank\" rel=\"sponsored noopener\" data-gtm-custom-categorie=\"navigation\" data-gtm-custom-action=\"crossclick\" data-gtm-custom-label=\"Contextuel\" data-gtm-event=\"customEventSPE\">Daily Mail.\u00a0<\/a>Et l\u2019on comprend pourquoi\u00a0: contrairement aux blonds tr\u00e8s clairs et contrast\u00e9s ou aux bruns profonds, la couleur \u00abPosh Mom Bronde\u00bb met en valeur toutes les carnations et vieillit bien dans le temps, sans aucune d\u00e9marcation au niveau des racines.<\/p>\n<p>    Victoria Beckham avec ses m\u00e8ches plus claires au niveau des longueurs. (Paris, le 29 septembre 2025.)<br \/>\n                Marc Piasecki \/ GC Images<\/p>\n<p class=\"fig-paragraph\">Elle est donc id\u00e9ale pour toutes celles qui souhaitent donner un coup d\u2019\u00e9clat naturel \u00e0 leur crini\u00e8re sans avoir \u00e0 retourner chez le coiffeur tous les mois pour l\u2019entretenir. En plein hiver, elle donne un effet ensoleill\u00e9 flatteur, illuminant les mines les plus fatigu\u00e9es.<\/p>\n<p class=\"fig-paragraph\">Lors de sa derni\u00e8re apparition publique \u00e0 Sandringham, pour la traditionnelle messe de No\u00ebl,\u00a0<a href=\"https:\/\/madame.lefigaro.fr\/tag\/kate-middleton\" target=\"_blank\" data-fig-type=\"Keyword\" rel=\"sponsored noopener\" data-gtm-custom-categorie=\"navigation\" data-gtm-custom-action=\"crossclick\" data-gtm-custom-label=\"Contextuel\" data-gtm-event=\"customEventSPE\" data-fig-domain=\"MADAME\">Kate Middleton<\/a>\u00a0a attir\u00e9 tous les regards gr\u00e2ce \u00e0 ses longueurs ondul\u00e9es se parant de reflets dor\u00e9s au soleil.<\/p>\n<p>    Kate Middleton et ses cheveux caramel. (Sandringham, le 25 d\u00e9cembre 2025.)<br \/>\n                Samir Hussein\/WireImage<\/p>\n<p class=\"fig-paragraph\">Entre le blond et le brun, l\u2019\u00e9pouse du prince William a refus\u00e9 de choisir et opt\u00e9 pour ce juste milieu chic et \u00e9l\u00e9gant, \u00e0 son image.<\/p>\n","protected":false},"excerpt":{"rendered":"Adopt\u00e9e par la princesse de Galles d\u00e9but septembre, la couleur \u00abPosh Mum Bronde\u00bb, un ch\u00e2tain profond illumin\u00e9 par&hellip;\n","protected":false},"author":2,"featured_media":659681,"comment_status":"","ping_status":"","sticky":false,"template":"","format":"standard","meta":{"footnotes":""},"categories":[1359],"tags":[11288,58,59,1011,27,5858,973],"class_list":{"0":"post-659680","1":"post","2":"type-post","3":"status-publish","4":"format-standard","5":"has-post-thumbnail","7":"category-people","8":"tag-cheveux","9":"tag-divertissement","10":"tag-entertainment","11":"tag-fr","12":"tag-france","13":"tag-kate-middleton","14":"tag-people"},"share_on_mastodon":{"url":"https:\/\/pubeurope.com\/@fr\/115885387482892121","error":""},"_links":{"self":[{"href":"https:\/\/www.europesays.com\/fr\/wp-json\/wp\/v2\/posts\/659680","targetHints":{"allow":["GET"]}}],"collection":[{"href":"https:\/\/www.europesays.com\/fr\/wp-json\/wp\/v2\/posts"}],"about":[{"href":"https:\/\/www.europesays.com\/fr\/wp-json\/wp\/v2\/types\/post"}],"author":[{"embeddable":true,"href":"https:\/\/www.europesays.com\/fr\/wp-json\/wp\/v2\/users\/2"}],"replies":[{"embeddable":true,"href":"https:\/\/www.europesays.com\/fr\/wp-json\/wp\/v2\/comments?post=659680"}],"version-history":[{"count":0,"href":"https:\/\/www.europesays.com\/fr\/wp-json\/wp\/v2\/posts\/659680\/revisions"}],"wp:featuredmedia":[{"embeddable":true,"href":"https:\/\/www.europesays.com\/fr\/wp-json\/wp\/v2\/media\/659681"}],"wp:attachment":[{"href":"https:\/\/www.europesays.com\/fr\/wp-json\/wp\/v2\/media?parent=659680"}],"wp:term":[{"taxonomy":"category","embeddable":true,"href":"https:\/\/www.europesays.com\/fr\/wp-json\/wp\/v2\/categories?post=659680"},{"taxonomy":"post_tag","embeddable":true,"href":"https:\/\/www.europesays.com\/fr\/wp-json\/wp\/v2\/tags?post=659680"}],"curies":[{"name":"wp","href":"https:\/\/api.w.org\/{rel}","templated":true}]}}