{"id":659682,"date":"2026-01-13T02:17:30","date_gmt":"2026-01-13T02:17:30","guid":{"rendered":"https:\/\/www.europesays.com\/fr\/659682\/"},"modified":"2026-01-13T02:17:30","modified_gmt":"2026-01-13T02:17:30","slug":"la-photographie-pour-accompagner-les-personnes-malades-en-indre-et-loire","status":"publish","type":"post","link":"https:\/\/www.europesays.com\/fr\/659682\/","title":{"rendered":"la photographie pour accompagner les personnes malades en Indre-et-Loire"},"content":{"rendered":"<p>Galina Livernette, photographe professionnelle, <a target=\"_self\" href=\"https:\/\/www.lanouvellerepublique.fr\/tours\/galina-livernette-donne-espoir-face-au-cancer-avec-ses-photos-exposees-a-tours-1744307203\" rel=\"noopener\">elle-m\u00eame atteinte d\u2019un cancer<\/a>, a d\u00e9cid\u00e9 de se servir de ce v\u00e9cu pour cr\u00e9er l\u2019association \u00ab\u00a0Ma photo contre la maladie\u00a0\u00bb et accompagner, gr\u00e2ce \u00e0 l\u2019art, des personnes atteintes de maladies graves, notamment le cancer et les pathologies cardio-vasculaires. \u00ab\u00a0\u00c0 travers la photographie, on peut proposer une approche novatrice du soutien, centr\u00e9e sur la valorisation de l\u2019image de soi\u00a0\u00bb, d\u00e9clare Galina Livernette, install\u00e9e \u00e0 Buxeuil, pr\u00e8s&#8230; <\/p>\n<p>    Cet article a \u00e9t\u00e9 tronqu\u00e9. Abonnez-vous pour lire l&rsquo;article complet sur notre site.<\/p>\n<p style=\"margin: 0 !important; padding: 0 !important; font-size: 12px !important;\">Cet article a \u00e9t\u00e9 tronqu\u00e9. Abonnez-vous pour lire l&rsquo;article complet.<\/p>\n<p>    <a href=\"https:\/\/www.lanouvellerepublique.fr\/abonnements\" style=\"display: inline-block; margin-top: 5px !important; padding: 6px 12px !important; background: #cb1c27; color: white; text-decoration: none; border-radius: 4px; font-size: 12px !important;\" target=\"_blank\" rel=\"noopener\"><br \/>\n      S&rsquo;abonner<br \/>\n    <\/a><\/p>\n","protected":false},"excerpt":{"rendered":"Galina Livernette, photographe professionnelle, elle-m\u00eame atteinte d\u2019un cancer, a d\u00e9cid\u00e9 de se servir de ce v\u00e9cu pour cr\u00e9er&hellip;\n","protected":false},"author":2,"featured_media":659683,"comment_status":"","ping_status":"","sticky":false,"template":"","format":"standard","meta":{"footnotes":""},"categories":[1358],"tags":[1392,1348,1384,1385,76145,1674,15389,1386,58,59,1011,27,76146,54321,71,3400],"class_list":{"0":"post-659682","1":"post","2":"type-post","3":"status-publish","4":"format-standard","5":"has-post-thumbnail","7":"category-arts-et-design","8":"tag-a-la-une-local","9":"tag-arts","10":"tag-arts-and-design","11":"tag-arts-et-design","12":"tag-buxeuil-86","13":"tag-communes","14":"tag-descartes","15":"tag-design","16":"tag-divertissement","17":"tag-entertainment","18":"tag-fr","19":"tag-france","20":"tag-noyant-de-touraine","21":"tag-octobre-rose","22":"tag-sante","23":"tag-solidarite"},"share_on_mastodon":{"url":"https:\/\/pubeurope.com\/@fr\/115885391398875472","error":""},"_links":{"self":[{"href":"https:\/\/www.europesays.com\/fr\/wp-json\/wp\/v2\/posts\/659682","targetHints":{"allow":["GET"]}}],"collection":[{"href":"https:\/\/www.europesays.com\/fr\/wp-json\/wp\/v2\/posts"}],"about":[{"href":"https:\/\/www.europesays.com\/fr\/wp-json\/wp\/v2\/types\/post"}],"author":[{"embeddable":true,"href":"https:\/\/www.europesays.com\/fr\/wp-json\/wp\/v2\/users\/2"}],"replies":[{"embeddable":true,"href":"https:\/\/www.europesays.com\/fr\/wp-json\/wp\/v2\/comments?post=659682"}],"version-history":[{"count":0,"href":"https:\/\/www.europesays.com\/fr\/wp-json\/wp\/v2\/posts\/659682\/revisions"}],"wp:featuredmedia":[{"embeddable":true,"href":"https:\/\/www.europesays.com\/fr\/wp-json\/wp\/v2\/media\/659683"}],"wp:attachment":[{"href":"https:\/\/www.europesays.com\/fr\/wp-json\/wp\/v2\/media?parent=659682"}],"wp:term":[{"taxonomy":"category","embeddable":true,"href":"https:\/\/www.europesays.com\/fr\/wp-json\/wp\/v2\/categories?post=659682"},{"taxonomy":"post_tag","embeddable":true,"href":"https:\/\/www.europesays.com\/fr\/wp-json\/wp\/v2\/tags?post=659682"}],"curies":[{"name":"wp","href":"https:\/\/api.w.org\/{rel}","templated":true}]}}