{"id":659684,"date":"2026-01-13T02:19:30","date_gmt":"2026-01-13T02:19:30","guid":{"rendered":"https:\/\/www.europesays.com\/fr\/659684\/"},"modified":"2026-01-13T02:19:30","modified_gmt":"2026-01-13T02:19:30","slug":"on-sait-exactement-ou-sera-t","status":"publish","type":"post","link":"https:\/\/www.europesays.com\/fr\/659684\/","title":{"rendered":"on sait exactement o\u00f9 sera t &#8230;"},"content":{"rendered":"<p>EN BREF<\/p>\n<ul class=\"bloc_resume_post_list\">\n<li>La quatri\u00e8me saison de The White Lotus sera tourn\u00e9e en<br \/>\nFrance, pr\u00e9cis\u00e9ment au Ch\u00e2teau de la Messardi\u00e8re \u00e0 Saint-Tropez,<br \/>\nd\u00e8s avril 2026.<\/li>\n<li>La production de la s\u00e9rie s\u00a0\u00bb\u00e9tendra jusqu&rsquo;en octobre,<br \/>\navec des sc\u00e8nes pr\u00e9vues \u00e9galement dans un h\u00f4tel<br \/>\nparisien.<\/li>\n<li>Le casting reste incertain, avec des rumeurs sur la<br \/>\nparticipation d&rsquo;acteurs fran\u00e7ais comme Philippine Leroy-Beaulieu et<br \/>\nCamille Cottin.<\/li>\n<\/ul>\n<p class=\"p1\"><a href=\"https:\/\/www.telestar.fr\/serie_tv\/the-white-lotus-spoiler-qui-est-mort-et-qui-a-survecu-a-la-fin-de-la-saison-3-1717417\" target=\"_blank\" rel=\"noopener\"><br \/>\nLa troisi\u00e8me saison de The White Lotus a rencontr\u00e9 un<br \/>\nfranc succ\u00e8s l&rsquo;an dernier.<\/a> Avant m\u00eame sa diffusion, la cha\u00eene<br \/>\nam\u00e9ricaine HBO avait annonc\u00e9 la mise en chantier d&rsquo;<strong>une<br \/>\nnouvelle salve d&rsquo;\u00e9pisodes<\/strong>. Apr\u00e8s nous avoir emmen\u00e9 \u00e0<br \/>\nHawa\u00ef, en Sicile et la Tha\u00eflande, il s&rsquo;est d&rsquo;abord murmur\u00e9 que la<br \/>\ns\u00e9rie nous ferait voyage en Norv\u00e8ge. La th\u00e9orie a \u00e9t\u00e9 relay\u00e9e par<br \/>\ndes m\u00e9dias affirmant que la production avait sollicit\u00e9 des<br \/>\nsubventions \u00e0 l&rsquo;Institut norv\u00e9gien du cin\u00e9ma.<\/p>\n<p class=\"p1\">\u00ab\u00a0<strong>Mike est originaire de Californie. Il<br \/>\nn&rsquo;est pas fait pour le froid.<\/strong> Il ne faut jamais dire<br \/>\njamais, mais je serais surpris\u00a0\u00bb, s&rsquo;est empress\u00e9 de botter en<br \/>\ntouche le producteur David Bernad a d\u00e9clar\u00e9 au micro d&rsquo;un podcast.<br \/>\nDe son c\u00f4t\u00e9, Francesca Orsi, responsable de la programmation chez<br \/>\nHBO, a laiss\u00e9 planer le myst\u00e8re : \u00ab\u00a0Je ne peux pas vraiment dire<br \/>\no\u00f9 nous allons atterrir, mais il y a de fortes chances que ce soit<br \/>\nquelque part en Europe\u00a0\u00bb. C&rsquo;est finalement <strong>en France<br \/>\nque la quatri\u00e8me saison du show sera mise en bo\u00eete<\/strong>.<\/p>\n<p>The White Lotus : o\u00f9 sera pr\u00e9cis\u00e9ment tourn\u00e9e la<br \/>\nsaison 4 ?<\/p>\n<p class=\"p1\">Ce janvier 9 2026, nos confr\u00e8res du magazine<br \/>\nam\u00e9ricain Variety ont r\u00e9v\u00e9l\u00e9 le lieu pr\u00e9cis o\u00f9 les \u00e9quipes<br \/>\nde HBO poseront leurs valises dans les prochaines semaines. D&rsquo;apr\u00e8s<br \/>\nles informations recueillies par le m\u00e9dia, <strong>la saison 4 de<br \/>\nThe White Lotus se d\u00e9roulera dans le sud de la<br \/>\nFrance<\/strong>. La production s&rsquo;\u00e9tablira plus pr\u00e9cis\u00e9ment<br \/>\n<strong>au Ch\u00e2teau de la Messardi\u00e8re,<\/strong> <a href=\"https:\/\/www.telestar.fr\/people\/obseques-de-brigitte-bardot-chantal-ladesou-jean-luc-reichmann-paul-belmondo-les-stars-defilent-a-saint-tropez-1750282\" target=\"_blank\" rel=\"noopener\"><br \/>\n\u00e0 Saint-Tropez<\/a>, <strong>non loin de la plage de<br \/>\nPampelone<\/strong> o\u00f9 Brigitte Bardot avait l&rsquo;habitude de f\u00eater son<br \/>\nanniversaire.<\/p>\n<p class=\"p1\">Bord\u00e9 de cypr\u00e8s, de jasmins et de pins parasols, le<br \/>\nluxueux palace est <strong>la propri\u00e9t\u00e9 d&rsquo;Airelles<br \/>\nCollection<\/strong>. Ce groupe h\u00f4telier appartient lui-m\u00eame \u00e0<br \/>\n<strong>St\u00e9phane Courbit<\/strong>, qui a fond\u00e9 et <strong>pr\u00e9side<br \/>\nla soci\u00e9t\u00e9 de productions Banijay<\/strong>. Tout fan de la s\u00e9rie<br \/>\nsouhaitant s\u00e9journer dans le ch\u00e2teau devra s&rsquo;attendre \u00e0 d\u00e9bourser<br \/>\nde 1000 \u00e0 8000 euros en fonction de la chambre choisie. A noter<br \/>\nqu&rsquo;aucune r\u00e9servation n&rsquo;est possible jusqu&rsquo;au 23 avril inclus,<br \/>\ncomme l&rsquo;ont constat\u00e9 les journalistes de TV Magazine &#8211; Le<br \/>\nFigaro.<\/p>\n<p>The White Lotus : quand sera tourn\u00e9e<br \/>\nla saison 4 ?<\/p>\n<p class=\"p1\">D&rsquo;apr\u00e8s Variety toujours, le tournage de la<br \/>\nquatri\u00e8me saison de la s\u00e9rie d\u00e9butera \u00e0 <strong>la fin du mois<br \/>\nd&rsquo;avril<\/strong>. Le planning de production pr\u00e9voit le clap de fin<br \/>\n<strong>au terme du mois d&rsquo;octobre<\/strong>. HBO a \u00e9galement pr\u00e9vu<br \/>\nde mettre en bo\u00eete <a href=\"https:\/\/www.telestar.fr\/serie_tv\/the-white-lotus-hbo-la-saison-4-tournee-au-ritz-a-paris-1744359\" target=\"_blank\" rel=\"noopener\"><br \/>\ndes sc\u00e8nes dans un h\u00f4tel parisien<\/a>. Aucune information<br \/>\nsuppl\u00e9mentaire sur ce d\u00e9cor de la capitale n&rsquo;a \u00e9t\u00e9 communiqu\u00e9e \u00e0 ce<br \/>\nstade.<\/p>\n<p class=\"p1\"><strong>Le casting de la saison 4 reste tout autant<br \/>\nmyst\u00e9rieux.<\/strong> La rumeur veut plusieurs acteurs fran\u00e7ais<br \/>\naient \u00e9t\u00e9 d\u00e9j\u00e0 auditionn\u00e9s. On pourrait par exemple miser sur le<br \/>\nnom de <strong>Philippine Leroy-Beaulieu<\/strong>.<br \/>\n\u00ab\u00a0J\u2019adorerais, j\u2019adore l\u2019\u00e9criture de Mike White [cr\u00e9ateur et<br \/>\nsc\u00e9nariste, ndlr]\u00a0\u00bb, s&rsquo;enflammait-elle en septembre dernier au<br \/>\nFestival de Deauville quand on lui demandait si elle aimerait jou\u00e9<br \/>\ndans la s\u00e9rie. Du c\u00f4t\u00e9 des internautes, la pr\u00e9f\u00e9rence va plut\u00f4t \u00e0<br \/>\n<strong>Camille Cottin<\/strong>.<\/p>\n","protected":false},"excerpt":{"rendered":"EN BREF La quatri\u00e8me saison de The White Lotus sera tourn\u00e9e en France, pr\u00e9cis\u00e9ment au Ch\u00e2teau de la&hellip;\n","protected":false},"author":2,"featured_media":659685,"comment_status":"","ping_status":"","sticky":false,"template":"","format":"standard","meta":{"footnotes":""},"categories":[1356],"tags":[548,58,59,1011,27,252,20632,1364],"class_list":{"0":"post-659684","1":"post","2":"type-post","3":"status-publish","4":"format-standard","5":"has-post-thumbnail","7":"category-television","8":"tag-article-simple","9":"tag-divertissement","10":"tag-entertainment","11":"tag-fr","12":"tag-france","13":"tag-television","14":"tag-the-white-lotus","15":"tag-tv"},"share_on_mastodon":{"url":"https:\/\/pubeurope.com\/@fr\/115885399284410710","error":""},"_links":{"self":[{"href":"https:\/\/www.europesays.com\/fr\/wp-json\/wp\/v2\/posts\/659684","targetHints":{"allow":["GET"]}}],"collection":[{"href":"https:\/\/www.europesays.com\/fr\/wp-json\/wp\/v2\/posts"}],"about":[{"href":"https:\/\/www.europesays.com\/fr\/wp-json\/wp\/v2\/types\/post"}],"author":[{"embeddable":true,"href":"https:\/\/www.europesays.com\/fr\/wp-json\/wp\/v2\/users\/2"}],"replies":[{"embeddable":true,"href":"https:\/\/www.europesays.com\/fr\/wp-json\/wp\/v2\/comments?post=659684"}],"version-history":[{"count":0,"href":"https:\/\/www.europesays.com\/fr\/wp-json\/wp\/v2\/posts\/659684\/revisions"}],"wp:featuredmedia":[{"embeddable":true,"href":"https:\/\/www.europesays.com\/fr\/wp-json\/wp\/v2\/media\/659685"}],"wp:attachment":[{"href":"https:\/\/www.europesays.com\/fr\/wp-json\/wp\/v2\/media?parent=659684"}],"wp:term":[{"taxonomy":"category","embeddable":true,"href":"https:\/\/www.europesays.com\/fr\/wp-json\/wp\/v2\/categories?post=659684"},{"taxonomy":"post_tag","embeddable":true,"href":"https:\/\/www.europesays.com\/fr\/wp-json\/wp\/v2\/tags?post=659684"}],"curies":[{"name":"wp","href":"https:\/\/api.w.org\/{rel}","templated":true}]}}