{"id":659686,"date":"2026-01-13T02:20:22","date_gmt":"2026-01-13T02:20:22","guid":{"rendered":"https:\/\/www.europesays.com\/fr\/659686\/"},"modified":"2026-01-13T02:20:22","modified_gmt":"2026-01-13T02:20:22","slug":"bob-weir-guitariste-des-grateful-dead-est-mort-a-lage-de-78-ans","status":"publish","type":"post","link":"https:\/\/www.europesays.com\/fr\/659686\/","title":{"rendered":"Bob Weir, guitariste des Grateful Dead, est mort \u00e0 l&rsquo;\u00e2ge de 78 ans"},"content":{"rendered":"\n<p class=\"c-chapo \">\n  Ic\u00f4nes de la contre-culture am\u00e9ricaine des ann\u00e9es 1960, les Grateful Dead \u00e9taient connus pour leur musique qui int\u00e9grait des \u00e9l\u00e9ments de blues, de country, de bluegrass et de jazz. Mais aussi et surtout pour leur communaut\u00e9 de fans, les \u00ab\u00a0Deadheads\u00a0\u00bb, qui les suivaient de concert en concert.\n<\/p>\n<p>      lire plus tard<\/p>\n<p id=\"dialog__title\" class=\"dialog__title\">Pour sauvegarder cet article, connectez-vous ou cr\u00e9ez un compte franceinfo<\/p>\n<p class=\"dialog__description\">Sans paiement. Sans abonnement.<\/p>\n<p>        Fermer la fen\u00eatre d\u2019activation des notifications France Info<\/p>\n<p>      cr\u00e9er votre compte<\/p>\n<p>      se connecter<\/p>\n<p>      :<\/p>\n<p>        Fermer la fen\u00eatre de pr\u00e9sentation<\/p>\n<p>    <img loading=\"lazy\" decoding=\"async\" class=\"signature__image lazyload\" width=\"100\" height=\"100\" data- alt=\"\" src=\"https:\/\/www.europesays.com\/fr\/wp-content\/uploads\/2025\/05\/64abd44855ee1_placeholder-36b69ec8.png\"\/><\/p>\n<p>          France T\u00e9l\u00e9visions &#8211; R\u00e9daction Culture<\/p>\n<p>    Publi\u00e9 le 11\/01\/2026 09:42<\/p>\n<p>        Temps de lecture : 3min<\/p>\n<p>    <img decoding=\"async\"  alt=\"Le musicien am\u00e9ricain Bob Weir lors du Farm Aid Music Festival au Ruoff Music Center de Noblesville, dans l'Indiana, le 24 septembre 2023. (SUZANNE CORDEIRO \/ AFP)\" width=\"432\" height=\"243\" src=\"https:\/\/www.europesays.com\/fr\/wp-content\/uploads\/2026\/01\/000-92b89g4-69635f134fd41627127248.jpg\" fetchpriority=\"high\"\/><\/p>\n<p>      Le musicien am\u00e9ricain Bob Weir lors du Farm Aid Music Festival au Ruoff Music Center de Noblesville, dans l&rsquo;Indiana, le 24 septembre 2023. (SUZANNE CORDEIRO \/ AFP)<\/p>\n<p>Bob Weir, guitariste et fondateur du l\u00e9gendaire groupe de rock psych\u00e9d\u00e9lique californien Grateful Dead, est mort \u00e0 l&rsquo;\u00e2ge de 78 ans, a annonc\u00e9 sa famille samedi.<\/p>\n<p>\u00ab\u00a0Il s&rsquo;est \u00e9teint paisiblement, entour\u00e9 de ses proches, apr\u00e8s avoir vaincu le cancer avec courage, comme seul Bobby savait le faire. Malheureusement, il a succomb\u00e9 \u00e0 des probl\u00e8mes pulmonaires sous-jacents\u00a0\u00bb, pr\u00e9cise le communiqu\u00e9 diffus\u00e9 sur son site internet et ses r\u00e9seaux sociaux. Ni le lieu ni la date du d\u00e9c\u00e8s n&rsquo;ont \u00e9t\u00e9 pr\u00e9cis\u00e9s.<\/p>\n<p>Le cancer du guitariste, \u00e9galement chanteur et auteur-compositeur, avait \u00e9t\u00e9 diagnostiqu\u00e9 en juillet dernier mais malgr\u00e9 son traitement, il avait c\u00e9l\u00e9br\u00e9 sur sc\u00e8ne le mois suivant ses 60 ans de carri\u00e8re trois soirs de suite dans sa ville natale de San Francisco.<\/p>\n<p>Grateful Dead a \u00e9t\u00e9 fond\u00e9 au milieu des ann\u00e9es 1960, en plein bouillonnement culturel dans la ville californienne, par Bob Weir avec Jerry Garcia, Bill Kreutzmann, Ron McKernan et Phil Lesh. Plus que ses tubes comme Truckin ou Casey Jones, ce sont surtout ses concerts, toujours originaux, qui vont asseoir sa r\u00e9putation. Aux quatre coins des Etats-Unis, les tourn\u00e9es du groupe sont suivies par une v\u00e9ritable caravane d&rsquo;admirateurs qui n&rsquo;h\u00e9sitent pas \u00e0 parcourir des milliers de kilom\u00e8tres pour ne rater aucune de leurs prestations. <\/p>\n<p>Un certain nombre de ces fans sont devenus des c\u00e9l\u00e9brit\u00e9s, comme le fondateur d&rsquo;Apple Steve Jobs ou l&rsquo;ancien vice-pr\u00e9sident am\u00e9ricain Al Gore.<\/p>\n<p>\u00c0 New York samedi soir, l&rsquo;Empire State Building s&rsquo;est illumin\u00e9 de lignes multicolores, associ\u00e9es au mouvement hippie, en hommage au musicien n\u00e9 Robert Hall Parber en 1947 avant d&rsquo;\u00eatre adopt\u00e9 par les Weir.<\/p>\n<p>\u00ab\u00a0Pendant plus de 60 ans, Bobby a sillonn\u00e9 les routes. Guitariste, chanteur, conteur et membre fondateur du groupe Grateful Dead, Bobby restera \u00e0 jamais une figure embl\u00e9matique dont le talent artistique unique a r\u00e9volutionn\u00e9 la musique am\u00e9ricaine\u00a0\u00bb, a dit la famille du musicien, qui avait \u00e9galement enregistr\u00e9 plusieurs albums en solo. Peu loquace sur sc\u00e8ne, le groupe de rock psych\u00e9d\u00e9lique \u00e9tait aussi adul\u00e9 pour ses improvisations.<\/p>\n<p>Grateful Dead devient la premi\u00e8re formation de rock occidentale \u00e0 se produire au pied des pyramides d&rsquo;Egypte, \u00e0 la fin des ann\u00e9es 1970. \u00c0 cette \u00e9poque, \u00e0 l&rsquo;inverse de nombreux groupes californiens pr\u00e9cipit\u00e9s dans l&rsquo;oubli par la mort du mouvement hippie, Grateful Dead poursuit sa route. La formation obtient un succ\u00e8s in\u00e9dit avec Touch of Grey en 1987, son seul titre \u00e0 avoir figur\u00e9 parmi les dix premiers du classement am\u00e9ricain.<\/p>\n<\/p>\n<p>Le groupe d\u00e9cide de se s\u00e9parer apr\u00e8s la mort en 1995, d&rsquo;une crise cardiaque \u00e0 53 ans, de son chanteur historique Jerry Garcia, amateur d&rsquo;un large \u00e9chantillon de drogues au point d&rsquo;\u00eatre surnomm\u00e9 Captain Trip. Les Grateful Dead se reforment cependant r\u00e9guli\u00e8rement pour des concerts dans les ann\u00e9es suivantes. Quelques semaines \u00e0 peine pr\u00e8s une tourn\u00e9e d&rsquo;adieu en 2015, certains membres du groupe dont Bob Weir annoncent leur retour sous le nom Dead and Company.<\/p>\n<p>Bill Kreutzmann, 79 ans, est d\u00e9sormais le seul fondateur de Grateful Dead encore en vie. <a href=\"https:\/\/www.franceinfo.fr\/culture\/musique\/rock\/mort-du-bassiste-phil-lesh-l-un-des-fondateurs-du-groupe-de-rock-psychedelique-grateful-dead-qui-triompha-dans-les-annees-60_6861212.html\" target=\"_self\" rel=\"noopener noreferrer nofollow\" data-tooltip-url=\"https:\/\/www.franceinfo.fr\/culture\/musique\/rock\/mort-du-bassiste-phil-lesh-l-un-des-fondateurs-du-groupe-de-rock-psychedelique-grateful-dead-qui-triompha-dans-les-annees-60_6861212.html\">Le bassiste Phil Lesh est d\u00e9c\u00e9d\u00e9 en 2024<\/a> \u00e0 84 ans, tandis que Ron McKernan qui souffrait de probl\u00e8mes de sant\u00e9 et d&rsquo;addiction \u00e0 l&rsquo;alcool, \u00e9tait mort en 1973 \u00e0 27 ans.<\/p>\n","protected":false},"excerpt":{"rendered":"Ic\u00f4nes de la contre-culture am\u00e9ricaine des ann\u00e9es 1960, les Grateful Dead \u00e9taient connus pour leur musique qui int\u00e9grait&hellip;\n","protected":false},"author":2,"featured_media":659687,"comment_status":"","ping_status":"","sticky":false,"template":"","format":"standard","meta":{"footnotes":""},"categories":[1355],"tags":[58,59,1011,27,1361,873],"class_list":{"0":"post-659686","1":"post","2":"type-post","3":"status-publish","4":"format-standard","5":"has-post-thumbnail","7":"category-musique","8":"tag-divertissement","9":"tag-entertainment","10":"tag-fr","11":"tag-france","12":"tag-music","13":"tag-musique"},"share_on_mastodon":{"url":"https:\/\/pubeurope.com\/@fr\/115885403251420733","error":""},"_links":{"self":[{"href":"https:\/\/www.europesays.com\/fr\/wp-json\/wp\/v2\/posts\/659686","targetHints":{"allow":["GET"]}}],"collection":[{"href":"https:\/\/www.europesays.com\/fr\/wp-json\/wp\/v2\/posts"}],"about":[{"href":"https:\/\/www.europesays.com\/fr\/wp-json\/wp\/v2\/types\/post"}],"author":[{"embeddable":true,"href":"https:\/\/www.europesays.com\/fr\/wp-json\/wp\/v2\/users\/2"}],"replies":[{"embeddable":true,"href":"https:\/\/www.europesays.com\/fr\/wp-json\/wp\/v2\/comments?post=659686"}],"version-history":[{"count":0,"href":"https:\/\/www.europesays.com\/fr\/wp-json\/wp\/v2\/posts\/659686\/revisions"}],"wp:featuredmedia":[{"embeddable":true,"href":"https:\/\/www.europesays.com\/fr\/wp-json\/wp\/v2\/media\/659687"}],"wp:attachment":[{"href":"https:\/\/www.europesays.com\/fr\/wp-json\/wp\/v2\/media?parent=659686"}],"wp:term":[{"taxonomy":"category","embeddable":true,"href":"https:\/\/www.europesays.com\/fr\/wp-json\/wp\/v2\/categories?post=659686"},{"taxonomy":"post_tag","embeddable":true,"href":"https:\/\/www.europesays.com\/fr\/wp-json\/wp\/v2\/tags?post=659686"}],"curies":[{"name":"wp","href":"https:\/\/api.w.org\/{rel}","templated":true}]}}