{"id":659690,"date":"2026-01-13T02:24:18","date_gmt":"2026-01-13T02:24:18","guid":{"rendered":"https:\/\/www.europesays.com\/fr\/659690\/"},"modified":"2026-01-13T02:24:18","modified_gmt":"2026-01-13T02:24:18","slug":"si-on-ne-respecte-pas-le-foot-le-foot-vous-tabasse","status":"publish","type":"post","link":"https:\/\/www.europesays.com\/fr\/659690\/","title":{"rendered":"\u00ab\u00a0Si on ne respecte pas le foot, le foot vous tabasse\u00a0\u00bb"},"content":{"rendered":"<p>\u00ab <a href=\"https:\/\/www.republicain-lorrain.fr\/sport\/2026\/01\/11\/coupe-de-france-les-grenats-visent-les-8es-de-finale-suivez-fc-metz-montpellier-en-direct\" target=\"_blank\" rel=\"noopener\">Abasourdi par ce qu\u2019il s\u2019est pass\u00e9<\/a>. Quand il y a une performance comme \u00e7a, on est englob\u00e9 par ce qu\u2019on a produit. Un match rat\u00e9. On pensait avoir gomm\u00e9 ce genre de prestation depuis quelques semaines, mais on est retomb\u00e9 tr\u00e8s, tr\u00e8s, tr\u00e8s bas, parce que je pense qu\u2019on a mal abord\u00e9 psychologiquement ce genre de match. En Coupe, c\u2019est diff\u00e9rent, il faut \u00eatre stable. Le jeu n\u2019a jamais \u00e9t\u00e9 stable d\u00e8s les premi\u00e8res minutes, ce qui a fragilis\u00e9 l\u2019\u00e9quipe avec ce premier but encaiss\u00e9 puis le deuxi\u00e8me assez rapidement. L\u00e0, soit on est fort, costaud et on arrive \u00e0 r\u00e9agir, soit on est d\u00e9faillant. C\u2019est ce qu\u2019il s\u2019est pass\u00e9. M\u00eame en repartant en deuxi\u00e8me mi-temps, on pensait les bousculer au moins un peu mais on prend ce troisi\u00e8me but qui fait basculer le match. Donc, oui, c\u2019est difficile \u00e0 vivre. <a href=\"https:\/\/www.republicain-lorrain.fr\/sport\/2026\/01\/11\/coupe-de-france-le-naufrage-du-fc-metz-contre-montpellier-en-images?preview=true\" target=\"_blank\" rel=\"noopener\">Comme pour les supporters<\/a>. Je les comprends. J\u2019ai la responsabilit\u00e9 de l\u2019\u00e9quipe et c\u2019est \u00e0 moi de faire en sorte que mes joueurs n\u2019abordent pas le match de cette mani\u00e8re-l\u00e0. On avait l\u2019objectif d\u2019\u00eatre plus solide d\u00e9fensivement en 2026 mais l\u00e0, on repart avec quatre buts encaiss\u00e9s et plein de choses qui ne sont pas dignes d\u2019une \u00e9quipe de Ligue 1.\u00a0\u00bb<\/p>\n<p><strong>Tous vos acquis ont vol\u00e9 en \u00e9clat ce dimanche\u2026<\/strong><\/p>\n<p>\u00ab\u00a0Oui. C\u2019est r\u00e9v\u00e9lateur aussi. Ce genre de match est difficile \u00e0 aborder. Il faut \u00eatre hyper disciplin\u00e9, rigoureux, exigeant. Si on ne respecte pas le foot, le foot vous tabasse. C\u2019est ce qu\u2019il s\u2019est pass\u00e9. Contre une \u00e9quipe de Ligue 2, avec des joueurs de qualit\u00e9, il fallait aborder le match concentr\u00e9, disciplin\u00e9, avec l\u2019envie de se qualifier car on savait que le FC Metz n\u2019avait pas fait de parcours depuis longtemps. C\u2019\u00e9tait l\u2019objectif mais \u00e7a ne s\u2019est pas ressenti sur le terrain. C\u2019\u00e9tait d\u00e9cousu. Malgr\u00e9 une entame catastrophique, on peut r\u00e9agir, mais on ne l\u2019a pas fait.\u00a0\u00bb<\/p>\n<p>  \u00ab\u00a0Le groupe s\u2019est d\u00e9suni\u00a0\u00bb<\/p>\n<p><strong>Avez-vous hauss\u00e9 le ton \u00e0 la pause\u00a0?<\/strong><\/p>\n<p>\u00ab\u00a0Bien s\u00fbr et j\u2019aurais pr\u00e9f\u00e9r\u00e9 qu\u2019on soit bien d\u00e8s notre entr\u00e9e en deuxi\u00e8me mi-temps mais il y a une telle passivit\u00e9 sur le troisi\u00e8me but\u00a0! Ce ne sont pas des comportements dignes d\u2019un groupe ni d\u2019une \u00e9quipe de Ligue 1. On a \u00e9t\u00e9 trop l\u00e9ger sur trop de choses. Sur les aspects tactiques, sur le placement. Un match peut mal commencer, \u00e7a arrive une erreur technique ou de relance, mais derri\u00e8re, on doit avoir une r\u00e9action encore plus d\u00e9termin\u00e9e pour revenir au score. L\u00e0, on a sombr\u00e9 progressivement sur tout le match. Je m\u2019en veux \u00e9videmment parce que je n\u2019arrive pas \u00e0 faire passer un message d\u2019alerte. Psychologiquement, c\u2019est autre chose la Coupe de France. On a \u00e9t\u00e9 ensemble sur beaucoup de matchs ces derni\u00e8res semaines. L\u00e0, le groupe s\u2019est d\u00e9suni et c\u2019est une grosse erreur.\u00a0\u00bb<\/p>\n","protected":false},"excerpt":{"rendered":"\u00ab Abasourdi par ce qu\u2019il s\u2019est pass\u00e9. Quand il y a une performance comme \u00e7a, on est englob\u00e9&hellip;\n","protected":false},"author":2,"featured_media":659691,"comment_status":"","ping_status":"","sticky":false,"template":"","format":"standard","meta":{"footnotes":""},"categories":[9],"tags":[15922,5598,8113,107,1701,63,1011,27,6212,6213,517,1700,60],"class_list":{"0":"post-659690","1":"post","2":"type-post","3":"status-publish","4":"format-standard","5":"has-post-thumbnail","7":"category-sports","8":"tag-coupe-de-france-de-football","9":"tag-edition-metz-et-agglomeration","10":"tag-fc-metz","11":"tag-fil-info","12":"tag-fil-info-sport","13":"tag-football","14":"tag-fr","15":"tag-france","16":"tag-metz","17":"tag-metz-ville-57b","18":"tag-sport","19":"tag-sport-lorrain","20":"tag-sports"},"share_on_mastodon":{"url":"https:\/\/pubeurope.com\/@fr\/115885419084657019","error":""},"_links":{"self":[{"href":"https:\/\/www.europesays.com\/fr\/wp-json\/wp\/v2\/posts\/659690","targetHints":{"allow":["GET"]}}],"collection":[{"href":"https:\/\/www.europesays.com\/fr\/wp-json\/wp\/v2\/posts"}],"about":[{"href":"https:\/\/www.europesays.com\/fr\/wp-json\/wp\/v2\/types\/post"}],"author":[{"embeddable":true,"href":"https:\/\/www.europesays.com\/fr\/wp-json\/wp\/v2\/users\/2"}],"replies":[{"embeddable":true,"href":"https:\/\/www.europesays.com\/fr\/wp-json\/wp\/v2\/comments?post=659690"}],"version-history":[{"count":0,"href":"https:\/\/www.europesays.com\/fr\/wp-json\/wp\/v2\/posts\/659690\/revisions"}],"wp:featuredmedia":[{"embeddable":true,"href":"https:\/\/www.europesays.com\/fr\/wp-json\/wp\/v2\/media\/659691"}],"wp:attachment":[{"href":"https:\/\/www.europesays.com\/fr\/wp-json\/wp\/v2\/media?parent=659690"}],"wp:term":[{"taxonomy":"category","embeddable":true,"href":"https:\/\/www.europesays.com\/fr\/wp-json\/wp\/v2\/categories?post=659690"},{"taxonomy":"post_tag","embeddable":true,"href":"https:\/\/www.europesays.com\/fr\/wp-json\/wp\/v2\/tags?post=659690"}],"curies":[{"name":"wp","href":"https:\/\/api.w.org\/{rel}","templated":true}]}}