{"id":659696,"date":"2026-01-13T02:27:21","date_gmt":"2026-01-13T02:27:21","guid":{"rendered":"https:\/\/www.europesays.com\/fr\/659696\/"},"modified":"2026-01-13T02:27:21","modified_gmt":"2026-01-13T02:27:21","slug":"la-nouvelle-voiture-electrique-abordable-de-dacia-arrive-bientot-avec-une-bonne-surprise-pour-la-spring-frandroid","status":"publish","type":"post","link":"https:\/\/www.europesays.com\/fr\/659696\/","title":{"rendered":"La nouvelle voiture \u00e9lectrique abordable de Dacia arrive bient\u00f4t, avec une bonne surprise pour la Spring \u2014 Frandroid"},"content":{"rendered":"<p>Dacia travaille actuellement sur une nouvelle voiture \u00e9lectrique abordable, bas\u00e9e sur la nouvelle Renault Twingo E-Tech. Surprise : elle ne devrait pas remplacer l\u2019actuelle Spring, du moins dans un premier temps.<\/p>\n<p><a href=\"https:\/\/images.frandroid.com\/wp-content\/uploads\/2025\/10\/hipster-concept-044.jpg\" target=\"_blank\" class=\"article-content__figure\" rel=\"noopener\"><img fetchpriority=\"high\" decoding=\"async\" loading=\"eager\" width=\"1200\" height=\"800\" src=\"https:\/\/www.europesays.com\/fr\/wp-content\/uploads\/2026\/01\/hipster-concept-044.jpg\" alt=\"\" class=\"wp-image-2822467 wp-image wp-image\"  \/><\/a>Dacia Hipster Concept \/\/ Source : Cetadi Prod<\/p>\n<p>Si le march\u00e9 automobile n\u2019est pas \u00e0 la f\u00eate pour tout le monde, <a href=\"https:\/\/www.frandroid.com\/produits\/dacia\" target=\"_blank\" rel=\"noopener\">Dacia <\/a>fait partie de ces marques qui semblent ne pas conna\u00eetre la crise. Le constructeur cartonne avec ses voitures abordables, \u00e0 l\u2019heure o\u00f9 le prix <a href=\"https:\/\/www.frandroid.com\/survoltes\/voitures-electriques\/843470_quel-serait-le-principal-frein-a-lachat-dune-voiture-electrique-selon-vous%E2%80%89\" target=\"_blank\" rel=\"noopener\">reste un frein pour de nombreux automobilistes<\/a>.<\/p>\n<p>Une nouvelle citadine abordable<\/p>\n<p>La marque commercialise notamment l\u2019une des voitures \u00e9lectriques les moins ch\u00e8res de France, \u00e0 savoir la <a href=\"https:\/\/www.frandroid.com\/produits\/voitures\/dacia\/1940772-dacia-spring-2024\" target=\"_blank\" rel=\"noopener\">Spring<\/a>, accessible<strong> \u00e0 partir de 16 900 euros <\/strong>seulement dans sa version d\u2019entr\u00e9e de gamme. Dommage toutefois qu\u2019elle ne soit pas \u00e9ligible au <a href=\"https:\/\/www.frandroid.com\/survoltes\/voitures-electriques\/660794_bonus-ecologique-dossier-2025\" target=\"_blank\" rel=\"noopener\">bonus \u00e9cologique<\/a>, en raison de sa production en Chine. <\/p>\n<p><a target=\"_blank\" href=\"https:\/\/images.frandroid.com\/wp-content\/uploads\/2026\/01\/1740054513660.jpeg\" class=\"article-content__figure\" rel=\"noopener\"><img loading=\"lazy\" decoding=\"async\" width=\"1200\" height=\"592\" src=\"https:\/\/www.europesays.com\/fr\/wp-content\/uploads\/2026\/01\/1740054513660-1200x592.jpeg\" alt=\"\" class=\"wp-image-2939045 wp-image\"  \/><\/a>Dacia Spring 2 \/\/ Source : Dacia<\/p>\n<p>Lanc\u00e9e en Europe en 2021, la Spring devait \u00eatre remplac\u00e9e<strong> d\u2019ici \u00e0 la fin de l\u2019ann\u00e9e 2026<\/strong>\u2026 sauf que ce ne sera pas forc\u00e9ment le cas. C\u2019est ce que confirme Patrice L\u00e9vy-Bencheton, responsable produit de Dacia. Ce dernier indique au m\u00e9dia britannique <a href=\"https:\/\/www.autocar.co.uk\/car-news\/new-cars\/dacia-spring-remain-sale-alongside-twingo-based-city-ev\" target=\"_blank\" rel=\"noreferrer noopener\">Autocar <\/a>que les deux voitures seront <strong>commercialis\u00e9es en parall\u00e8le et pourront coexister.<\/strong> Et cela pour la simple et bonne raison qu\u2019elles \u00ab\u00a0sont assez diff\u00e9rentes \u2013 vous le verrez lorsque nous d\u00e9voilerons la voiture : taille, forme, etc\u00a0\u00bb. <\/p>\n<p>Cette \u00ab\u00a0Spring 2\u00a0\u00bb sera l\u00e9g\u00e8rement plus grande que l\u2019actuelle, avec une longueur <strong>avoisinant les 3,8 m\u00e8tres<\/strong> pour <strong>environ 1,70 m\u00e8tre de large<\/strong>. Des chiffres qui ne viennent pas de nulle part, car cette petite voiture \u00e9lectrique sera d\u00e9riv\u00e9e de la nouvelle <a href=\"https:\/\/www.frandroid.com\/produits\/voitures\/renault\/2815099-renault-twingo-e-tech-2025\" target=\"_blank\" rel=\"noopener\">Renault Twingo E-Tech<\/a>. De plus, Frank Marotte, directeur des ventes et du marketing de Dacia ajoute que les deux mod\u00e8les seront propos\u00e9es \u00ab\u00a0\u00e0 des prix diff\u00e9rents avec des designs diff\u00e9rents\u00a0\u00bb.<\/p>\n<p>Une production europ\u00e9enne<\/p>\n<p>La nouvelle citadine devrait<strong> s\u2019inspirer des grands SUV de la marque <\/strong>dans son style, reprenant sans doute les lignes anguleuses du Hipster Concept pr\u00e9sent\u00e9 en septembre 2025. Ainsi, le porte-parole de la marque indique que \u00ab\u00a0ces deux offres sont pertinentes et resteront sur le march\u00e9 ; il appartiendra ensuite \u00e0 l\u2019\u00e9quipe commerciale de les positionner\u00a0\u00bb. N\u00e9anmoins, cela ne devrait pas durer \u00e9ternellement : \u00e0 terme, la Dacia Spring actuelle<strong> pourrait bel et bien finir par dispara\u00eetre<\/strong>, selon Patrice L\u00e9vy-Bencheton.<\/p>\n<p><a target=\"_blank\" href=\"https:\/\/images.frandroid.com\/wp-content\/uploads\/2025\/10\/dacia-spring-2026-00002.jpeg\" class=\"article-content__figure\" rel=\"noopener\"><img loading=\"lazy\" decoding=\"async\" width=\"1200\" height=\"675\" src=\"https:\/\/www.europesays.com\/fr\/wp-content\/uploads\/2026\/01\/dacia-spring-2026-00002-1200x675.jpeg\" alt=\"\" class=\"wp-image-2819009 wp-image\"  \/><\/a>Dacia Spring 2026<\/p>\n<p>Ce dernier a indiqu\u00e9 \u00e0 Autocar que les deux autos devraient exister en parall\u00e8le <strong>pendant environ un an<\/strong>. L\u2019actuelle Spring, <a href=\"https:\/\/www.frandroid.com\/marques\/dacia\/2818875_dacia-devoile-la-nouvelle-spring-voici-la-voiture-electrique-la-moins-chere-de-france\" target=\"_blank\" rel=\"noopener\">qui vient d\u2019\u00eatre am\u00e9lior\u00e9e<\/a>, devrait progressivement laisser sa place face \u00e0 cette nouvelle voiture \u00e9lectrique, promise <strong>sous les 18 000 euros<\/strong>.<\/p>\n<p>Surtout que la future petite Dacia \u00e9lectrique aura un argument de taille face \u00e0 sa grande s\u0153ur. Elle sera en effet produite en Europe,<strong> aux c\u00f4t\u00e9s de la Twingo en Slov\u00e9nie<\/strong>. De ce fait, elle \u00e9chappera aux<a href=\"https:\/\/www.frandroid.com\/survoltes\/voitures-electriques\/2387980_pourquoi-le-prix-de-certaines-voitures-electriques-chinoises-vendues-en-europe-devrait-bientot-flamber\" target=\"_blank\" rel=\"noopener\"> droits de douane<\/a> et elle aura le droit aux aides \u00e0 l\u2019achat en France. Elle pourrait m\u00eame faire partie du<a href=\"https:\/\/www.frandroid.com\/tag\/leasing-social\" target=\"_blank\" rel=\"noopener\"> leasing social<\/a>, si ce dernier continue d\u2019exister au cours des prochaines ann\u00e9es.<\/p>\n<p><a target=\"_blank\" href=\"https:\/\/images.frandroid.com\/wp-content\/uploads\/2025\/10\/dacia-hipster-concept-2.jpg\" class=\"article-content__figure\" rel=\"noopener\"><img loading=\"lazy\" decoding=\"async\" width=\"1200\" height=\"675\" src=\"https:\/\/www.europesays.com\/fr\/wp-content\/uploads\/2026\/01\/dacia-hipster-concept-2-1200x675.jpg\" alt=\"\" class=\"wp-image-2819753 wp-image\"  \/><\/a>Dacia Hipster<\/p>\n<p>En plus de ces deux voitures \u00e9lectriques, n\u2019oublions pas que Dacia semble travailler sur une voiture \u00e9lectrique encore plus abordable, issu du <a href=\"https:\/\/www.frandroid.com\/marques\/dacia\/2819101_cest-tout-ce-que-lon-attend-dun-vehicule-voici-la-future-voiture-electrique-la-moins-chere-de-dacia\" target=\"_blank\" rel=\"noopener\">concept Hipster<\/a> d\u00e9voil\u00e9 au mois d\u2019octobre 2025. Et il s\u2019agira de la voiture \u00e9lectrique la moins ch\u00e8re de la marque, puisque son prix devrait \u00eatre situ\u00e9 sous les 15 000 euros. Elle fera partie de la<a href=\"https:\/\/www.frandroid.com\/survoltes\/voitures-electriques\/2912703_voitures-electriques-a-moins-de-15-000-e-leurope-officialise-enfin-cette-nouvelle-categorie-tres-attendue\" target=\"_blank\" rel=\"noopener\"> cat\u00e9gorie M1E <\/a>r\u00e9cemment annonc\u00e9e par l\u2019Union Europ\u00e9enne.<\/p>\n<p>Retrouvez tous les articles de Frandroid directement sur Google. Abonnez-vous \u00e0 <a target=\"_blank\" href=\"https:\/\/shop.frandroid.com\/gpfrandroid\" rel=\"noopener\">notre profil Google<\/a> pour ne rien manquer !<\/p>\n","protected":false},"excerpt":{"rendered":"Dacia travaille actuellement sur une nouvelle voiture \u00e9lectrique abordable, bas\u00e9e sur la nouvelle Renault Twingo E-Tech. Surprise :&hellip;\n","protected":false},"author":2,"featured_media":659697,"comment_status":"","ping_status":"","sticky":false,"template":"","format":"standard","meta":{"footnotes":""},"categories":[6],"tags":[35,76147,56916,17506,33,34,1011,27],"class_list":{"0":"post-659696","1":"post","2":"type-post","3":"status-publish","4":"format-standard","5":"has-post-thumbnail","7":"category-economie","8":"tag-business","9":"tag-citadine-electrique","10":"tag-dacia-spring","11":"tag-dacia-spring-2024","12":"tag-economie","13":"tag-economy","14":"tag-fr","15":"tag-france"},"share_on_mastodon":{"url":"https:\/\/pubeurope.com\/@fr\/115885430930567608","error":""},"_links":{"self":[{"href":"https:\/\/www.europesays.com\/fr\/wp-json\/wp\/v2\/posts\/659696","targetHints":{"allow":["GET"]}}],"collection":[{"href":"https:\/\/www.europesays.com\/fr\/wp-json\/wp\/v2\/posts"}],"about":[{"href":"https:\/\/www.europesays.com\/fr\/wp-json\/wp\/v2\/types\/post"}],"author":[{"embeddable":true,"href":"https:\/\/www.europesays.com\/fr\/wp-json\/wp\/v2\/users\/2"}],"replies":[{"embeddable":true,"href":"https:\/\/www.europesays.com\/fr\/wp-json\/wp\/v2\/comments?post=659696"}],"version-history":[{"count":0,"href":"https:\/\/www.europesays.com\/fr\/wp-json\/wp\/v2\/posts\/659696\/revisions"}],"wp:featuredmedia":[{"embeddable":true,"href":"https:\/\/www.europesays.com\/fr\/wp-json\/wp\/v2\/media\/659697"}],"wp:attachment":[{"href":"https:\/\/www.europesays.com\/fr\/wp-json\/wp\/v2\/media?parent=659696"}],"wp:term":[{"taxonomy":"category","embeddable":true,"href":"https:\/\/www.europesays.com\/fr\/wp-json\/wp\/v2\/categories?post=659696"},{"taxonomy":"post_tag","embeddable":true,"href":"https:\/\/www.europesays.com\/fr\/wp-json\/wp\/v2\/tags?post=659696"}],"curies":[{"name":"wp","href":"https:\/\/api.w.org\/{rel}","templated":true}]}}